{"id":40165,"date":"2026-09-04T02:21:53","date_gmt":"2026-09-04T06:21:53","guid":{"rendered":"https:\/\/www.pedroandretta.info\/index\/?p=40165"},"modified":"2026-09-04T02:21:56","modified_gmt":"2026-09-04T06:21:56","slug":"diretrizes-da-ifla-para-bibliotecas-sustentaveis-anabad","status":"publish","type":"post","link":"https:\/\/www.pedroandretta.info\/index\/2026\/09\/diretrizes-da-ifla-para-bibliotecas-sustentaveis-anabad\/","title":{"rendered":"Diretrizes da IFLA para Bibliotecas Sustent\u00e1veis \/ ANABAD"},"content":{"rendered":"\n<p><strong>Diretrizes da IFLA para Bibliotecas Sustent\u00e1veis \/ ANABAD<\/strong><\/p>\n\n\n\n<p>As Diretrizes da IFLA para Bibliotecas Sustent\u00e1veis \u200b\u200boferecem uma estrutura pr\u00e1tica para bibliotecas que desejam integrar a sustentabilidade \u00e0s suas opera\u00e7\u00f5es di\u00e1rias. Elas auxiliam as bibliotecas a planejar, implementar e avaliar a\u00e7\u00f5es ecologicamente respons\u00e1veis, adaptadas \u00e0s necessidades locais e aos recursos dispon\u00edveis. Essas diretrizes s\u00e3o voltadas para bibliotecas de todos os portes.<\/p>\n\n\n\n<p>#BibliotecasSustent\u00e1veis #BibliotecasVerdes<\/p>\n\n\n\n<p>Dispon\u00edvel em: <a href=\"https:\/\/www.anabad.org\/las-directrices-de-la-ifla-para-bibliotecas-sostenibles\/\">https:\/\/www.anabad.org\/las-directrices-de-la-ifla-para-bibliotecas-sostenibles\/<\/a><\/p>\n\n\n\n<figure class=\"wp-block-image size-large\"><img data-recalc-dims=\"1\" decoding=\"async\" width=\"423\" height=\"600\" src=\"https:\/\/i0.wp.com\/www.pedroandretta.info\/index\/wp-content\/uploads\/2026\/09\/image-15.png?resize=423%2C600&#038;ssl=1\" alt=\"\" class=\"wp-image-40166\" srcset=\"https:\/\/i0.wp.com\/www.pedroandretta.info\/index\/wp-content\/uploads\/2026\/09\/image-15.png?resize=423%2C600&amp;ssl=1 423w, https:\/\/i0.wp.com\/www.pedroandretta.info\/index\/wp-content\/uploads\/2026\/09\/image-15.png?resize=212%2C300&amp;ssl=1 212w, https:\/\/i0.wp.com\/www.pedroandretta.info\/index\/wp-content\/uploads\/2026\/09\/image-15.png?resize=768%2C1089&amp;ssl=1 768w, https:\/\/i0.wp.com\/www.pedroandretta.info\/index\/wp-content\/uploads\/2026\/09\/image-15.png?resize=1084%2C1536&amp;ssl=1 1084w, https:\/\/i0.wp.com\/www.pedroandretta.info\/index\/wp-content\/uploads\/2026\/09\/image-15.png?resize=1445%2C2048&amp;ssl=1 1445w, https:\/\/i0.wp.com\/www.pedroandretta.info\/index\/wp-content\/uploads\/2026\/09\/image-15.png?resize=1320%2C1871&amp;ssl=1 1320w, https:\/\/i0.wp.com\/www.pedroandretta.info\/index\/wp-content\/uploads\/2026\/09\/image-15.png?w=1586&amp;ssl=1 1586w, https:\/\/i0.wp.com\/www.pedroandretta.info\/index\/wp-content\/uploads\/2026\/09\/image-15.png?w=1392&amp;ssl=1 1392w\" sizes=\"(max-width: 423px) 100vw, 423px\" \/><\/figure>\n","protected":false},"excerpt":{"rendered":"<p>Diretrizes da IFLA para Bibliotecas Sustent\u00e1veis \/ ANABAD As Diretrizes da IFLA para Bibliotecas Sustent\u00e1veis \u200b\u200boferecem uma estrutura pr\u00e1tica para bibliotecas que desejam integrar a sustentabilidade \u00e0s suas opera\u00e7\u00f5es di\u00e1rias. Elas auxiliam as bibliotecas a planejar, implementar e avaliar a\u00e7\u00f5es ecologicamente respons\u00e1veis, adaptadas \u00e0s necessidades locais e aos recursos dispon\u00edveis. Essas diretrizes s\u00e3o voltadas para<\/p><\/div>\n<div class=\"blog-btn\"><a href=\"https:\/\/www.pedroandretta.info\/index\/2026\/09\/diretrizes-da-ifla-para-bibliotecas-sustentaveis-anabad\/\" class=\"home-blog-btn\">Ler mais<\/a><\/p>\n","protected":false},"author":1,"featured_media":0,"comment_status":"open","ping_status":"open","sticky":false,"template":"","format":"standard","meta":{"_jetpack_newsletter_access":"","_jetpack_dont_email_post_to_subs":false,"_jetpack_newsletter_tier_id":0,"_jetpack_memberships_contains_paywalled_content":false,"_jetpack_feature_clip_id":0,"_jetpack_memberships_contains_paid_content":false,"footnotes":"","jetpack_publicize_message":"","jetpack_publicize_feature_enabled":true,"jetpack_social_post_already_shared":true,"jetpack_social_options":{"image_generator_settings":{"template":"highway","default_image_id":0,"font":"","enabled":false},"version":2},"jetpack_post_was_ever_published":false},"categories":[21],"tags":[4157,213],"class_list":["post-40165","post","type-post","status-publish","format-standard","hentry","category-informeci","tag-bibliotecassustentaveis","tag-bibliotecasverdes"],"jetpack_publicize_connections":[],"jetpack_featured_media_url":"","views":"","jetpack_sharing_enabled":true,"_links":{"self":[{"href":"https:\/\/www.pedroandretta.info\/index\/wp-json\/wp\/v2\/posts\/40165","targetHints":{"allow":["GET"]}}],"collection":[{"href":"https:\/\/www.pedroandretta.info\/index\/wp-json\/wp\/v2\/posts"}],"about":[{"href":"https:\/\/www.pedroandretta.info\/index\/wp-json\/wp\/v2\/types\/post"}],"author":[{"embeddable":true,"href":"https:\/\/www.pedroandretta.info\/index\/wp-json\/wp\/v2\/users\/1"}],"replies":[{"embeddable":true,"href":"https:\/\/www.pedroandretta.info\/index\/wp-json\/wp\/v2\/comments?post=40165"}],"version-history":[{"count":1,"href":"https:\/\/www.pedroandretta.info\/index\/wp-json\/wp\/v2\/posts\/40165\/revisions"}],"predecessor-version":[{"id":40167,"href":"https:\/\/www.pedroandretta.info\/index\/wp-json\/wp\/v2\/posts\/40165\/revisions\/40167"}],"wp:attachment":[{"href":"https:\/\/www.pedroandretta.info\/index\/wp-json\/wp\/v2\/media?parent=40165"}],"wp:term":[{"taxonomy":"category","embeddable":true,"href":"https:\/\/www.pedroandretta.info\/index\/wp-json\/wp\/v2\/categories?post=40165"},{"taxonomy":"post_tag","embeddable":true,"href":"https:\/\/www.pedroandretta.info\/index\/wp-json\/wp\/v2\/tags?post=40165"}],"curies":[{"name":"wp","href":"https:\/\/api.w.org\/{rel}","templated":true}]}}