{"id":40168,"date":"2026-09-04T02:25:50","date_gmt":"2026-09-04T06:25:50","guid":{"rendered":"https:\/\/www.pedroandretta.info\/index\/?p=40168"},"modified":"2026-09-04T02:25:53","modified_gmt":"2026-09-04T06:25:53","slug":"integrando-infraestrutura-civica-e-habitacao-acessivel-acohen","status":"publish","type":"post","link":"https:\/\/www.pedroandretta.info\/index\/2026\/09\/integrando-infraestrutura-civica-e-habitacao-acessivel-acohen\/","title":{"rendered":"Integrando Infraestrutura C\u00edvica e Habita\u00e7\u00e3o Acess\u00edvel \/ Acohen"},"content":{"rendered":"\n<p><strong>Integrando Infraestrutura C\u00edvica e Habita\u00e7\u00e3o Acess\u00edvel \/ Acohen<\/strong><\/p>\n\n\n\n<p>Um projeto de habita\u00e7\u00e3o acess\u00edvel \u00e9 eficaz se refletir a realidade econ\u00f4mica da comunidade. Integrar infraestrutura de bibliotecas e habita\u00e7\u00e3o exige a compreens\u00e3o dos dados censit\u00e1rios para entender as motiva\u00e7\u00f5es da popula\u00e7\u00e3o local. Analisamos as informa\u00e7\u00f5es estat\u00edsticas dispon\u00edveis para compreender os pontos fortes da comunidade e suas fragilidades em termos de capacidade financeira e econ\u00f4mica. Avalia\u00e7\u00f5es das necessidades da comunidade podem estabelecer prioridades para bibliotecas que atendam idosos, veteranos e fam\u00edlias com crian\u00e7as nas faixas de renda mais baixas.<\/p>\n\n\n\n<p>Nesse tipo de projeto arquitet\u00f4nico, o alinhamento econ\u00f4mico deve se traduzir na integra\u00e7\u00e3o f\u00edsica do edif\u00edcio da biblioteca com seu entorno. A rela\u00e7\u00e3o espacial entre o n\u00facleo residencial e a biblioteca p\u00fablica\/espa\u00e7o c\u00edvico exige arquitetos e engenheiros especializados. Por exemplo, a combina\u00e7\u00e3o de servi\u00e7os de biblioteca p\u00fablica e moradias resultar\u00e1 em sistemas mec\u00e2nicos compartilhados, pontos de acesso variados e comodidades comunit\u00e1rias secund\u00e1rias.<\/p>\n\n\n\n<p>via Acohen<\/p>\n\n\n\n<p>#BibliotecasP\u00fablicas<\/p>\n\n\n\n<p>Dispon\u00edvel em: <a href=\"https:\/\/www.acohen.com\/blog\/integrating-library-infrastructure-housing-concept\/\">https:\/\/www.acohen.com\/blog\/integrating-library-infrastructure-housing-concept\/<\/a><\/p>\n\n\n\n<figure class=\"wp-block-image size-large\"><img data-recalc-dims=\"1\" decoding=\"async\" width=\"600\" height=\"600\" src=\"https:\/\/i0.wp.com\/www.pedroandretta.info\/index\/wp-content\/uploads\/2026\/09\/image-16.png?resize=600%2C600&#038;ssl=1\" alt=\"\" class=\"wp-image-40169\" srcset=\"https:\/\/i0.wp.com\/www.pedroandretta.info\/index\/wp-content\/uploads\/2026\/09\/image-16.png?resize=600%2C600&amp;ssl=1 600w, https:\/\/i0.wp.com\/www.pedroandretta.info\/index\/wp-content\/uploads\/2026\/09\/image-16.png?resize=300%2C300&amp;ssl=1 300w, https:\/\/i0.wp.com\/www.pedroandretta.info\/index\/wp-content\/uploads\/2026\/09\/image-16.png?resize=150%2C150&amp;ssl=1 150w, https:\/\/i0.wp.com\/www.pedroandretta.info\/index\/wp-content\/uploads\/2026\/09\/image-16.png?resize=768%2C768&amp;ssl=1 768w, https:\/\/i0.wp.com\/www.pedroandretta.info\/index\/wp-content\/uploads\/2026\/09\/image-16.png?resize=1320%2C1320&amp;ssl=1 1320w, https:\/\/i0.wp.com\/www.pedroandretta.info\/index\/wp-content\/uploads\/2026\/09\/image-16.png?w=1536&amp;ssl=1 1536w, https:\/\/i0.wp.com\/www.pedroandretta.info\/index\/wp-content\/uploads\/2026\/09\/image-16.png?w=1392&amp;ssl=1 1392w\" sizes=\"(max-width: 600px) 100vw, 600px\" \/><\/figure>\n","protected":false},"excerpt":{"rendered":"<p>Integrando Infraestrutura C\u00edvica e Habita\u00e7\u00e3o Acess\u00edvel \/ Acohen Um projeto de habita\u00e7\u00e3o acess\u00edvel \u00e9 eficaz se refletir a realidade econ\u00f4mica da comunidade. Integrar infraestrutura de bibliotecas e habita\u00e7\u00e3o exige a compreens\u00e3o dos dados censit\u00e1rios para entender as motiva\u00e7\u00f5es da popula\u00e7\u00e3o local. Analisamos as informa\u00e7\u00f5es estat\u00edsticas dispon\u00edveis para compreender os pontos fortes da comunidade e suas<\/p><\/div>\n<div class=\"blog-btn\"><a href=\"https:\/\/www.pedroandretta.info\/index\/2026\/09\/integrando-infraestrutura-civica-e-habitacao-acessivel-acohen\/\" class=\"home-blog-btn\">Ler mais<\/a><\/p>\n","protected":false},"author":1,"featured_media":0,"comment_status":"open","ping_status":"open","sticky":false,"template":"","format":"standard","meta":{"_jetpack_newsletter_access":"","_jetpack_dont_email_post_to_subs":false,"_jetpack_newsletter_tier_id":0,"_jetpack_memberships_contains_paywalled_content":false,"_jetpack_feature_clip_id":0,"_jetpack_memberships_contains_paid_content":false,"footnotes":"","jetpack_publicize_message":"","jetpack_publicize_feature_enabled":true,"jetpack_social_post_already_shared":true,"jetpack_social_options":{"image_generator_settings":{"template":"highway","default_image_id":0,"font":"","enabled":false},"version":2},"jetpack_post_was_ever_published":false},"categories":[21],"tags":[39],"class_list":["post-40168","post","type-post","status-publish","format-standard","hentry","category-informeci","tag-bibliotecaspublicas"],"jetpack_publicize_connections":[],"jetpack_featured_media_url":"","views":"","jetpack_sharing_enabled":true,"_links":{"self":[{"href":"https:\/\/www.pedroandretta.info\/index\/wp-json\/wp\/v2\/posts\/40168","targetHints":{"allow":["GET"]}}],"collection":[{"href":"https:\/\/www.pedroandretta.info\/index\/wp-json\/wp\/v2\/posts"}],"about":[{"href":"https:\/\/www.pedroandretta.info\/index\/wp-json\/wp\/v2\/types\/post"}],"author":[{"embeddable":true,"href":"https:\/\/www.pedroandretta.info\/index\/wp-json\/wp\/v2\/users\/1"}],"replies":[{"embeddable":true,"href":"https:\/\/www.pedroandretta.info\/index\/wp-json\/wp\/v2\/comments?post=40168"}],"version-history":[{"count":1,"href":"https:\/\/www.pedroandretta.info\/index\/wp-json\/wp\/v2\/posts\/40168\/revisions"}],"predecessor-version":[{"id":40170,"href":"https:\/\/www.pedroandretta.info\/index\/wp-json\/wp\/v2\/posts\/40168\/revisions\/40170"}],"wp:attachment":[{"href":"https:\/\/www.pedroandretta.info\/index\/wp-json\/wp\/v2\/media?parent=40168"}],"wp:term":[{"taxonomy":"category","embeddable":true,"href":"https:\/\/www.pedroandretta.info\/index\/wp-json\/wp\/v2\/categories?post=40168"},{"taxonomy":"post_tag","embeddable":true,"href":"https:\/\/www.pedroandretta.info\/index\/wp-json\/wp\/v2\/tags?post=40168"}],"curies":[{"name":"wp","href":"https:\/\/api.w.org\/{rel}","templated":true}]}}