{"id":40177,"date":"2026-09-05T13:07:23","date_gmt":"2026-09-05T17:07:23","guid":{"rendered":"https:\/\/www.pedroandretta.info\/index\/?p=40177"},"modified":"2026-09-05T13:07:24","modified_gmt":"2026-09-05T17:07:24","slug":"o-cne-aprovou-as-diretrizes-de-ia-na-educacao-o-que-fazer-antes-da-homologacao-revista-educacao","status":"publish","type":"post","link":"https:\/\/www.pedroandretta.info\/index\/2026\/09\/o-cne-aprovou-as-diretrizes-de-ia-na-educacao-o-que-fazer-antes-da-homologacao-revista-educacao\/","title":{"rendered":"O CNE aprovou as diretrizes de IA na educa\u00e7\u00e3o: o que fazer antes da homologa\u00e7\u00e3o \/ Revista Educa\u00e7\u00e3o"},"content":{"rendered":"\n<p><strong>O CNE aprovou as diretrizes de IA na educa\u00e7\u00e3o: o que fazer antes da homologa\u00e7\u00e3o \/ Revista Educa\u00e7\u00e3o<\/strong><\/p>\n\n\n\n<h3 class=\"wp-block-heading\"><strong>Para a Educa\u00e7\u00e3o B\u00e1sica<\/strong><\/h3>\n\n\n\n<ul class=\"wp-block-list\">\n<li>Uso planejado, progressivo e integrado ao curr\u00edculo, articulado \u00e0 educa\u00e7\u00e3o digital, midi\u00e1tica e computacional.<\/li>\n\n\n\n<li>Letramento em IA como aprendizagem, e n\u00e3o apenas a IA como ferramenta, com preserva\u00e7\u00e3o da autonomia intelectual do estudante.<\/li>\n\n\n\n<li>Na Educa\u00e7\u00e3o Infantil e nos anos iniciais: sem acesso aut\u00f4nomo, sem uso individual, sem supervis\u00e3o e sem intera\u00e7\u00e3o livre com ferramentas generativas. Somente em atividade planejada e mediada pelo professor.<\/li>\n\n\n\n<li>Informa\u00e7\u00e3o \u00e0s fam\u00edlias sobre o uso e prote\u00e7\u00e3o dos dados das crian\u00e7as.<\/li>\n<\/ul>\n\n\n\n<h3 class=\"wp-block-heading\"><strong>Para a Educa\u00e7\u00e3o Superior<\/strong><\/h3>\n\n\n\n<ul class=\"wp-block-list\">\n<li>Compet\u00eancias de IA integradas \u00e0 forma\u00e7\u00e3o: an\u00e1lise e interpreta\u00e7\u00e3o de dados, compreens\u00e3o das implica\u00e7\u00f5es \u00e9ticas e jur\u00eddicas, avalia\u00e7\u00e3o cr\u00edtica de limites e riscos, reflex\u00e3o metacognitiva e integridade acad\u00eamica.<\/li>\n\n\n\n<li>Intencionalidade pedag\u00f3gica clara \u2014 a IA integrada aos objetivos formativos do curso, n\u00e3o anexada a ele.<\/li>\n\n\n\n<li>Media\u00e7\u00e3o docente como elemento central e insubstitu\u00edvel.<\/li>\n\n\n\n<li>Diretrizes internas pr\u00f3prias para ensino, pesquisa e extens\u00e3o.<\/li>\n\n\n\n<li>Documenta\u00e7\u00e3o institucional das decis\u00f5es sobre uso de IA.<\/li>\n\n\n\n<li>Revis\u00e3o humana dos conte\u00fados produzidos com apoio de IA.<\/li>\n<\/ul>\n\n\n\n<p>#IA #Educa\u00e7\u00e3o #MEC<\/p>\n\n\n\n<p>via Revista Educa\u00e7\u00e3o<\/p>\n\n\n\n<p>Dispon\u00edvel em: <a href=\"https:\/\/revistaeducacao.com.br\/2026\/09\/04\/cne-aprovou-diretrizes-de-ia-na-educacao\/\">https:\/\/revistaeducacao.com.br\/2026\/09\/04\/cne-aprovou-diretrizes-de-ia-na-educacao\/<\/a><\/p>\n\n\n\n<p>Ver tamb\u00e9m: <a href=\"https:\/\/www.gov.br\/mec\/pt-br\/escolas-conectadas\/arquivos\/ia-basica.pdf\">https:\/\/www.gov.br\/mec\/pt-br\/escolas-conectadas\/arquivos\/ia-basica.pdf<\/a><\/p>\n\n\n\n<figure class=\"wp-block-image size-large\"><img data-recalc-dims=\"1\" decoding=\"async\" width=\"425\" height=\"600\" src=\"https:\/\/i0.wp.com\/www.pedroandretta.info\/index\/wp-content\/uploads\/2026\/09\/image-18.png?resize=425%2C600&#038;ssl=1\" alt=\"\" class=\"wp-image-40178\" srcset=\"https:\/\/i0.wp.com\/www.pedroandretta.info\/index\/wp-content\/uploads\/2026\/09\/image-18.png?resize=425%2C600&amp;ssl=1 425w, https:\/\/i0.wp.com\/www.pedroandretta.info\/index\/wp-content\/uploads\/2026\/09\/image-18.png?resize=212%2C300&amp;ssl=1 212w, https:\/\/i0.wp.com\/www.pedroandretta.info\/index\/wp-content\/uploads\/2026\/09\/image-18.png?w=596&amp;ssl=1 596w\" sizes=\"(max-width: 425px) 100vw, 425px\" \/><\/figure>\n","protected":false},"excerpt":{"rendered":"<p>O CNE aprovou as diretrizes de IA na educa\u00e7\u00e3o: o que fazer antes da homologa\u00e7\u00e3o \/ Revista Educa\u00e7\u00e3o Para a Educa\u00e7\u00e3o B\u00e1sica Para a Educa\u00e7\u00e3o Superior #IA #Educa\u00e7\u00e3o #MEC via Revista Educa\u00e7\u00e3o Dispon\u00edvel em: https:\/\/revistaeducacao.com.br\/2026\/09\/04\/cne-aprovou-diretrizes-de-ia-na-educacao\/ Ver tamb\u00e9m: https:\/\/www.gov.br\/mec\/pt-br\/escolas-conectadas\/arquivos\/ia-basica.pdf<\/p>\n","protected":false},"author":1,"featured_media":0,"comment_status":"open","ping_status":"open","sticky":false,"template":"","format":"standard","meta":{"_jetpack_newsletter_access":"","_jetpack_dont_email_post_to_subs":false,"_jetpack_newsletter_tier_id":0,"_jetpack_memberships_contains_paywalled_content":false,"_jetpack_feature_clip_id":0,"_jetpack_memberships_contains_paid_content":false,"footnotes":"","jetpack_publicize_message":"","jetpack_publicize_feature_enabled":true,"jetpack_social_post_already_shared":true,"jetpack_social_options":{"image_generator_settings":{"template":"highway","default_image_id":0,"font":"","enabled":false},"version":2},"jetpack_post_was_ever_published":false},"categories":[21],"tags":[45,1994,223],"class_list":["post-40177","post","type-post","status-publish","format-standard","hentry","category-informeci","tag-educacao","tag-inteligenciaartificial","tag-mec"],"jetpack_publicize_connections":[],"jetpack_featured_media_url":"","views":"","jetpack_sharing_enabled":true,"_links":{"self":[{"href":"https:\/\/www.pedroandretta.info\/index\/wp-json\/wp\/v2\/posts\/40177","targetHints":{"allow":["GET"]}}],"collection":[{"href":"https:\/\/www.pedroandretta.info\/index\/wp-json\/wp\/v2\/posts"}],"about":[{"href":"https:\/\/www.pedroandretta.info\/index\/wp-json\/wp\/v2\/types\/post"}],"author":[{"embeddable":true,"href":"https:\/\/www.pedroandretta.info\/index\/wp-json\/wp\/v2\/users\/1"}],"replies":[{"embeddable":true,"href":"https:\/\/www.pedroandretta.info\/index\/wp-json\/wp\/v2\/comments?post=40177"}],"version-history":[{"count":1,"href":"https:\/\/www.pedroandretta.info\/index\/wp-json\/wp\/v2\/posts\/40177\/revisions"}],"predecessor-version":[{"id":40179,"href":"https:\/\/www.pedroandretta.info\/index\/wp-json\/wp\/v2\/posts\/40177\/revisions\/40179"}],"wp:attachment":[{"href":"https:\/\/www.pedroandretta.info\/index\/wp-json\/wp\/v2\/media?parent=40177"}],"wp:term":[{"taxonomy":"category","embeddable":true,"href":"https:\/\/www.pedroandretta.info\/index\/wp-json\/wp\/v2\/categories?post=40177"},{"taxonomy":"post_tag","embeddable":true,"href":"https:\/\/www.pedroandretta.info\/index\/wp-json\/wp\/v2\/tags?post=40177"}],"curies":[{"name":"wp","href":"https:\/\/api.w.org\/{rel}","templated":true}]}}