{"id":40188,"date":"2026-09-05T13:22:08","date_gmt":"2026-09-05T17:22:08","guid":{"rendered":"https:\/\/www.pedroandretta.info\/index\/?p=40188"},"modified":"2026-09-05T13:22:10","modified_gmt":"2026-09-05T17:22:10","slug":"biblioterapia-uma-area-de-atuacao-profissional-para-bibliotecarios-bibliotecas","status":"publish","type":"post","link":"https:\/\/www.pedroandretta.info\/index\/2026\/09\/biblioterapia-uma-area-de-atuacao-profissional-para-bibliotecarios-bibliotecas\/","title":{"rendered":"Biblioterapia: uma \u00e1rea de atua\u00e7\u00e3o profissional para bibliotec\u00e1rios \/ Bibliotecas"},"content":{"rendered":"\n<p><strong>Biblioterapia: uma \u00e1rea de atua\u00e7\u00e3o profissional para bibliotec\u00e1rios \/ Bibliotecas<\/strong><\/p>\n\n\n\n<p>Vale ressaltar que o conhecimento e as compet\u00eancias dos profissionais da informa\u00e7\u00e3o \u2014 particularmente daqueles que colaboram estreitamente com o corpo docente e outros educadores \u2014 conferem-lhes uma posi\u00e7\u00e3o privilegiada para implementar, de forma eficaz, programas de biblioterapia. Dessa maneira, disponibilizam-se projetos de escrita validados clinicamente, oferecendo dados textuais cont\u00ednuos sobre a efic\u00e1cia da leitura orientada na promo\u00e7\u00e3o da regula\u00e7\u00e3o emocional, da resili\u00eancia, dos v\u00ednculos sociais e das din\u00e2micas de reintegra\u00e7\u00e3o.<\/p>\n\n\n\n<p>#Biblioterapia<\/p>\n\n\n\n<p>Dispon\u00edvel em: <a href=\"https:\/\/www.revistas.una.ac.cr\/index.php\/bibliotecas\/article\/view\/23065\">https:\/\/www.revistas.una.ac.cr\/index.php\/bibliotecas\/article\/view\/23065<\/a><\/p>\n\n\n\n<figure class=\"wp-block-image size-large\"><img data-recalc-dims=\"1\" decoding=\"async\" width=\"413\" height=\"600\" src=\"https:\/\/i0.wp.com\/www.pedroandretta.info\/index\/wp-content\/uploads\/2026\/09\/image-21.png?resize=413%2C600&#038;ssl=1\" alt=\"\" class=\"wp-image-40189\" srcset=\"https:\/\/i0.wp.com\/www.pedroandretta.info\/index\/wp-content\/uploads\/2026\/09\/image-21.png?resize=413%2C600&amp;ssl=1 413w, https:\/\/i0.wp.com\/www.pedroandretta.info\/index\/wp-content\/uploads\/2026\/09\/image-21.png?resize=206%2C300&amp;ssl=1 206w, https:\/\/i0.wp.com\/www.pedroandretta.info\/index\/wp-content\/uploads\/2026\/09\/image-21.png?w=556&amp;ssl=1 556w\" sizes=\"(max-width: 413px) 100vw, 413px\" \/><\/figure>\n","protected":false},"excerpt":{"rendered":"<p>Biblioterapia: uma \u00e1rea de atua\u00e7\u00e3o profissional para bibliotec\u00e1rios \/ Bibliotecas Vale ressaltar que o conhecimento e as compet\u00eancias dos profissionais da informa\u00e7\u00e3o \u2014 particularmente daqueles que colaboram estreitamente com o corpo docente e outros educadores \u2014 conferem-lhes uma posi\u00e7\u00e3o privilegiada para implementar, de forma eficaz, programas de biblioterapia. Dessa maneira, disponibilizam-se projetos de escrita validados<\/p><\/div>\n<div class=\"blog-btn\"><a href=\"https:\/\/www.pedroandretta.info\/index\/2026\/09\/biblioterapia-uma-area-de-atuacao-profissional-para-bibliotecarios-bibliotecas\/\" class=\"home-blog-btn\">Ler mais<\/a><\/p>\n","protected":false},"author":1,"featured_media":0,"comment_status":"open","ping_status":"open","sticky":false,"template":"","format":"standard","meta":{"_jetpack_newsletter_access":"","_jetpack_dont_email_post_to_subs":false,"_jetpack_newsletter_tier_id":0,"_jetpack_memberships_contains_paywalled_content":false,"_jetpack_feature_clip_id":0,"_jetpack_memberships_contains_paid_content":false,"footnotes":"","jetpack_publicize_message":"","jetpack_publicize_feature_enabled":true,"jetpack_social_post_already_shared":true,"jetpack_social_options":{"image_generator_settings":{"template":"highway","default_image_id":0,"font":"","enabled":false},"version":2},"jetpack_post_was_ever_published":false},"categories":[21],"tags":[120],"class_list":["post-40188","post","type-post","status-publish","format-standard","hentry","category-informeci","tag-biblioterapia"],"jetpack_publicize_connections":[],"jetpack_featured_media_url":"","views":"","jetpack_sharing_enabled":true,"_links":{"self":[{"href":"https:\/\/www.pedroandretta.info\/index\/wp-json\/wp\/v2\/posts\/40188","targetHints":{"allow":["GET"]}}],"collection":[{"href":"https:\/\/www.pedroandretta.info\/index\/wp-json\/wp\/v2\/posts"}],"about":[{"href":"https:\/\/www.pedroandretta.info\/index\/wp-json\/wp\/v2\/types\/post"}],"author":[{"embeddable":true,"href":"https:\/\/www.pedroandretta.info\/index\/wp-json\/wp\/v2\/users\/1"}],"replies":[{"embeddable":true,"href":"https:\/\/www.pedroandretta.info\/index\/wp-json\/wp\/v2\/comments?post=40188"}],"version-history":[{"count":1,"href":"https:\/\/www.pedroandretta.info\/index\/wp-json\/wp\/v2\/posts\/40188\/revisions"}],"predecessor-version":[{"id":40190,"href":"https:\/\/www.pedroandretta.info\/index\/wp-json\/wp\/v2\/posts\/40188\/revisions\/40190"}],"wp:attachment":[{"href":"https:\/\/www.pedroandretta.info\/index\/wp-json\/wp\/v2\/media?parent=40188"}],"wp:term":[{"taxonomy":"category","embeddable":true,"href":"https:\/\/www.pedroandretta.info\/index\/wp-json\/wp\/v2\/categories?post=40188"},{"taxonomy":"post_tag","embeddable":true,"href":"https:\/\/www.pedroandretta.info\/index\/wp-json\/wp\/v2\/tags?post=40188"}],"curies":[{"name":"wp","href":"https:\/\/api.w.org\/{rel}","templated":true}]}}