{"id":40191,"date":"2026-09-05T13:24:40","date_gmt":"2026-09-05T17:24:40","guid":{"rendered":"https:\/\/www.pedroandretta.info\/index\/?p=40191"},"modified":"2026-09-05T13:24:43","modified_gmt":"2026-09-05T17:24:43","slug":"o-que-acontece-quando-uma-crianca-autista-encontra-a-biblioteca-certa-princh","status":"publish","type":"post","link":"https:\/\/www.pedroandretta.info\/index\/2026\/09\/o-que-acontece-quando-uma-crianca-autista-encontra-a-biblioteca-certa-princh\/","title":{"rendered":"O que acontece quando uma crian\u00e7a autista encontra a biblioteca certa? \/ Princh"},"content":{"rendered":"\n<p><strong>O que acontece quando uma crian\u00e7a autista encontra a biblioteca certa? \/ Princh <\/strong><\/p>\n\n\n\n<p>Ao lembrar que cada crian\u00e7a entra pela porta carregando mais do que uma mochila, \u00e9 importante lembrar que crian\u00e7as autistas podem enfrentar desafios que v\u00e3o muito al\u00e9m da comunica\u00e7\u00e3o ou das situa\u00e7\u00f5es sociais. Algumas podem ter dificuldades com sobrecarga sensorial, coordena\u00e7\u00e3o, cansa\u00e7o, alimenta\u00e7\u00e3o, sono ou com a rotina di\u00e1ria. Para algumas crian\u00e7as, necessidades f\u00edsicas como dificuldades para usar o banheiro e incontin\u00eancia podem tornar a visita a novos lugares estressante. Os pais podem se perguntar se h\u00e1 um banheiro acess\u00edvel por perto, se ter\u00e3o tempo suficiente para ajudar seus filhos ou como as pessoas reagir\u00e3o em caso de acidente. Essas preocupa\u00e7\u00f5es podem ser muito pesadas. \u00c0s vezes, as fam\u00edlias evitam lugares que adorariam visitar simplesmente porque n\u00e3o t\u00eam certeza se as necessidades de seus filhos ser\u00e3o compreendidas.<\/p>\n\n\n\n<p>\u00c9 aqui que as bibliotecas podem fazer uma diferen\u00e7a real. Uma biblioteca acolhedora n\u00e3o espera que todas as crian\u00e7as se encaixem no mesmo padr\u00e3o. Ela cria espa\u00e7o para diferentes necessidades, diferentes maneiras de aprender e diferentes formas de participar. Instala\u00e7\u00f5es acess\u00edveis, programas flex\u00edveis, funcion\u00e1rios pacientes e comunica\u00e7\u00e3o simples podem ajudar as fam\u00edlias a se sentirem pertencentes, em vez de sentirem que precisam se explicar ou se desculpar. Quando uma crian\u00e7a sabe que \u00e9 aceita como \u00e9, ela tem mais liberdade para explorar, descobrir e aproveitar tudo o que uma biblioteca tem a oferecer.<\/p>\n\n\n\n<p>#Autismo #Bibliotecas<\/p>\n\n\n\n<p>via Princh<\/p>\n\n\n\n<p>Dispon\u00edvel em: <a href=\"https:\/\/princh.com\/blog-autism-friendly-library\/?utm_source=chatgpt.com\">https:\/\/princh.com\/blog-autism-friendly-library<\/a><\/p>\n","protected":false},"excerpt":{"rendered":"<p>O que acontece quando uma crian\u00e7a autista encontra a biblioteca certa? \/ Princh Ao lembrar que cada crian\u00e7a entra pela porta carregando mais do que uma mochila, \u00e9 importante lembrar que crian\u00e7as autistas podem enfrentar desafios que v\u00e3o muito al\u00e9m da comunica\u00e7\u00e3o ou das situa\u00e7\u00f5es sociais. Algumas podem ter dificuldades com sobrecarga sensorial, coordena\u00e7\u00e3o, cansa\u00e7o,<\/p><\/div>\n<div class=\"blog-btn\"><a href=\"https:\/\/www.pedroandretta.info\/index\/2026\/09\/o-que-acontece-quando-uma-crianca-autista-encontra-a-biblioteca-certa-princh\/\" class=\"home-blog-btn\">Ler mais<\/a><\/p>\n","protected":false},"author":1,"featured_media":0,"comment_status":"open","ping_status":"open","sticky":false,"template":"","format":"standard","meta":{"_jetpack_newsletter_access":"","_jetpack_dont_email_post_to_subs":false,"_jetpack_newsletter_tier_id":0,"_jetpack_memberships_contains_paywalled_content":false,"_jetpack_feature_clip_id":0,"_jetpack_memberships_contains_paid_content":false,"footnotes":"","jetpack_publicize_message":"","jetpack_publicize_feature_enabled":true,"jetpack_social_post_already_shared":true,"jetpack_social_options":{"image_generator_settings":{"template":"highway","default_image_id":0,"font":"","enabled":false},"version":2},"jetpack_post_was_ever_published":false},"categories":[21],"tags":[1532,38],"class_list":["post-40191","post","type-post","status-publish","format-standard","hentry","category-informeci","tag-autismo","tag-bibliotecas"],"jetpack_publicize_connections":[],"jetpack_featured_media_url":"","views":"","jetpack_sharing_enabled":true,"_links":{"self":[{"href":"https:\/\/www.pedroandretta.info\/index\/wp-json\/wp\/v2\/posts\/40191","targetHints":{"allow":["GET"]}}],"collection":[{"href":"https:\/\/www.pedroandretta.info\/index\/wp-json\/wp\/v2\/posts"}],"about":[{"href":"https:\/\/www.pedroandretta.info\/index\/wp-json\/wp\/v2\/types\/post"}],"author":[{"embeddable":true,"href":"https:\/\/www.pedroandretta.info\/index\/wp-json\/wp\/v2\/users\/1"}],"replies":[{"embeddable":true,"href":"https:\/\/www.pedroandretta.info\/index\/wp-json\/wp\/v2\/comments?post=40191"}],"version-history":[{"count":1,"href":"https:\/\/www.pedroandretta.info\/index\/wp-json\/wp\/v2\/posts\/40191\/revisions"}],"predecessor-version":[{"id":40192,"href":"https:\/\/www.pedroandretta.info\/index\/wp-json\/wp\/v2\/posts\/40191\/revisions\/40192"}],"wp:attachment":[{"href":"https:\/\/www.pedroandretta.info\/index\/wp-json\/wp\/v2\/media?parent=40191"}],"wp:term":[{"taxonomy":"category","embeddable":true,"href":"https:\/\/www.pedroandretta.info\/index\/wp-json\/wp\/v2\/categories?post=40191"},{"taxonomy":"post_tag","embeddable":true,"href":"https:\/\/www.pedroandretta.info\/index\/wp-json\/wp\/v2\/tags?post=40191"}],"curies":[{"name":"wp","href":"https:\/\/api.w.org\/{rel}","templated":true}]}}