{"id":40193,"date":"2026-09-05T21:22:55","date_gmt":"2026-09-06T01:22:55","guid":{"rendered":"https:\/\/www.pedroandretta.info\/index\/?p=40193"},"modified":"2026-09-05T21:22:58","modified_gmt":"2026-09-06T01:22:58","slug":"onu-aprova-mudanca-do-mapa-mundi-para-corrigir-distorcoes-que-fazem-continentes-parecerem-menores-g1","status":"publish","type":"post","link":"https:\/\/www.pedroandretta.info\/index\/2026\/09\/onu-aprova-mudanca-do-mapa-mundi-para-corrigir-distorcoes-que-fazem-continentes-parecerem-menores-g1\/","title":{"rendered":"ONU aprova mudan\u00e7a do mapa-m\u00fandi para corrigir distor\u00e7\u00f5es que fazem continentes parecerem menores \/ G1"},"content":{"rendered":"\n<p><strong>ONU aprova mudan\u00e7a do mapa-m\u00fandi para corrigir distor\u00e7\u00f5es que fazem continentes parecerem menores \/ G1<\/strong><\/p>\n\n\n\n<p>A alternativa apoiada pela iniciativa \u00e9 o modelo chamado &#8220;Terra Igual&#8221;, adotado pela Uni\u00e3o Africana.<\/p>\n\n\n\n<p>A proje\u00e7\u00e3o procura preservar melhor as propor\u00e7\u00f5es entre os continentes e dar uma representa\u00e7\u00e3o mais pr\u00f3xima das \u00e1reas reais das diferentes regi\u00f5es do planeta.<\/p>\n\n\n\n<p>A aprova\u00e7\u00e3o da ONU, por\u00e9m, n\u00e3o significa que o mapa-m\u00fandi de Mercator ser\u00e1 imediatamente abandonado. A resolu\u00e7\u00e3o incentiva governos, organiza\u00e7\u00f5es internacionais e outras institui\u00e7\u00f5es a considerar modelos mais precisos.<\/p>\n\n\n\n<p>Antes da vota\u00e7\u00e3o, o ministro das Rela\u00e7\u00f5es Exteriores de Togo, Robert Dussey, pa\u00eds que lidera a iniciativa, afirmou que a decis\u00e3o representa uma defesa da &#8220;verdade cient\u00edfica&#8221;.<\/p>\n\n\n\n<p>via G1<\/p>\n\n\n\n<p>#Mapas #Representatividade<\/p>\n\n\n\n<p>Dispon\u00edvel em: <a href=\"https:\/\/g1.globo.com\/mundo\/noticia\/2026\/09\/04\/onu-aprova-resolucao-para-mudar-mapa-mundi-e-corrigir-distorcoes-que-fazem-continentes-parecerem-menores.ghtml\">https:\/\/g1.globo.com\/mundo\/noticia\/2026\/09\/04\/onu-aprova-resolucao-para-mudar-mapa-mundi-e-corrigir-distorcoes-que-fazem-continentes-parecerem-menores.ghtml<\/a><\/p>\n\n\n\n<figure class=\"wp-block-image size-large\"><img data-recalc-dims=\"1\" decoding=\"async\" width=\"600\" height=\"319\" src=\"https:\/\/i0.wp.com\/www.pedroandretta.info\/index\/wp-content\/uploads\/2026\/09\/image-22.png?resize=600%2C319&#038;ssl=1\" alt=\"\" class=\"wp-image-40194\" srcset=\"https:\/\/i0.wp.com\/www.pedroandretta.info\/index\/wp-content\/uploads\/2026\/09\/image-22.png?resize=600%2C319&amp;ssl=1 600w, https:\/\/i0.wp.com\/www.pedroandretta.info\/index\/wp-content\/uploads\/2026\/09\/image-22.png?resize=300%2C160&amp;ssl=1 300w, https:\/\/i0.wp.com\/www.pedroandretta.info\/index\/wp-content\/uploads\/2026\/09\/image-22.png?resize=768%2C409&amp;ssl=1 768w, https:\/\/i0.wp.com\/www.pedroandretta.info\/index\/wp-content\/uploads\/2026\/09\/image-22.png?w=1000&amp;ssl=1 1000w\" sizes=\"(max-width: 600px) 100vw, 600px\" \/><\/figure>\n","protected":false},"excerpt":{"rendered":"<p>ONU aprova mudan\u00e7a do mapa-m\u00fandi para corrigir distor\u00e7\u00f5es que fazem continentes parecerem menores \/ G1 A alternativa apoiada pela iniciativa \u00e9 o modelo chamado &#8220;Terra Igual&#8221;, adotado pela Uni\u00e3o Africana. A proje\u00e7\u00e3o procura preservar melhor as propor\u00e7\u00f5es entre os continentes e dar uma representa\u00e7\u00e3o mais pr\u00f3xima das \u00e1reas reais das diferentes regi\u00f5es do planeta. A<\/p><\/div>\n<div class=\"blog-btn\"><a href=\"https:\/\/www.pedroandretta.info\/index\/2026\/09\/onu-aprova-mudanca-do-mapa-mundi-para-corrigir-distorcoes-que-fazem-continentes-parecerem-menores-g1\/\" class=\"home-blog-btn\">Ler mais<\/a><\/p>\n","protected":false},"author":1,"featured_media":0,"comment_status":"open","ping_status":"open","sticky":false,"template":"","format":"standard","meta":{"_jetpack_newsletter_access":"","_jetpack_dont_email_post_to_subs":false,"_jetpack_newsletter_tier_id":0,"_jetpack_memberships_contains_paywalled_content":false,"_jetpack_feature_clip_id":0,"_jetpack_memberships_contains_paid_content":false,"footnotes":"","jetpack_publicize_message":"","jetpack_publicize_feature_enabled":true,"jetpack_social_post_already_shared":true,"jetpack_social_options":{"image_generator_settings":{"template":"highway","default_image_id":0,"font":"","enabled":false},"version":2},"jetpack_post_was_ever_published":false},"categories":[21],"tags":[1011,953],"class_list":["post-40193","post","type-post","status-publish","format-standard","hentry","category-informeci","tag-mapas","tag-representatividade"],"jetpack_publicize_connections":[],"jetpack_featured_media_url":"","views":"","jetpack_sharing_enabled":true,"_links":{"self":[{"href":"https:\/\/www.pedroandretta.info\/index\/wp-json\/wp\/v2\/posts\/40193","targetHints":{"allow":["GET"]}}],"collection":[{"href":"https:\/\/www.pedroandretta.info\/index\/wp-json\/wp\/v2\/posts"}],"about":[{"href":"https:\/\/www.pedroandretta.info\/index\/wp-json\/wp\/v2\/types\/post"}],"author":[{"embeddable":true,"href":"https:\/\/www.pedroandretta.info\/index\/wp-json\/wp\/v2\/users\/1"}],"replies":[{"embeddable":true,"href":"https:\/\/www.pedroandretta.info\/index\/wp-json\/wp\/v2\/comments?post=40193"}],"version-history":[{"count":1,"href":"https:\/\/www.pedroandretta.info\/index\/wp-json\/wp\/v2\/posts\/40193\/revisions"}],"predecessor-version":[{"id":40195,"href":"https:\/\/www.pedroandretta.info\/index\/wp-json\/wp\/v2\/posts\/40193\/revisions\/40195"}],"wp:attachment":[{"href":"https:\/\/www.pedroandretta.info\/index\/wp-json\/wp\/v2\/media?parent=40193"}],"wp:term":[{"taxonomy":"category","embeddable":true,"href":"https:\/\/www.pedroandretta.info\/index\/wp-json\/wp\/v2\/categories?post=40193"},{"taxonomy":"post_tag","embeddable":true,"href":"https:\/\/www.pedroandretta.info\/index\/wp-json\/wp\/v2\/tags?post=40193"}],"curies":[{"name":"wp","href":"https:\/\/api.w.org\/{rel}","templated":true}]}}