{"id":40196,"date":"2026-09-05T21:25:32","date_gmt":"2026-09-06T01:25:32","guid":{"rendered":"https:\/\/www.pedroandretta.info\/index\/?p=40196"},"modified":"2026-09-05T21:25:35","modified_gmt":"2026-09-06T01:25:35","slug":"patrimonio-afro-brasileiro-preservar-e-reconhecer-o-brasil-ciencia-e-cultura","status":"publish","type":"post","link":"https:\/\/www.pedroandretta.info\/index\/2026\/09\/patrimonio-afro-brasileiro-preservar-e-reconhecer-o-brasil-ciencia-e-cultura\/","title":{"rendered":"Patrim\u00f4nio afro-brasileiro: preservar \u00e9 reconhecer o Brasil \/ Ci\u00eancia e Cultura"},"content":{"rendered":"\n<p><strong>Patrim\u00f4nio afro-brasileiro: preservar \u00e9 reconhecer o Brasil \/ Ci\u00eancia e Cultura<\/strong><\/p>\n\n\n\n<p>A preserva\u00e7\u00e3o do patrim\u00f4nio afro-brasileiro \u00e9 tamb\u00e9m uma forma de reconhecer a pr\u00f3pria identidade do Brasil. Quilombos, terreiros de candombl\u00e9, rodas de capoeira, samba, acaraj\u00e9 e festejos populares s\u00e3o parte de uma heran\u00e7a cultural constru\u00edda ao longo de s\u00e9culos e que re\u00fane dimens\u00f5es materiais e imateriais. Para Carlos Moura, advogado, ativista de direitos humanos e fundador e primeiro presidente da Funda\u00e7\u00e3o Cultural Palmares, reconhecer e proteger esses bens \u00e9 fundamental para enfrentar o racismo estrutural e valorizar a contribui\u00e7\u00e3o da popula\u00e7\u00e3o negra para a forma\u00e7\u00e3o da sociedade brasileira.<\/p>\n\n\n\n<p>(&#8230;) A preserva\u00e7\u00e3o do patrim\u00f4nio tamb\u00e9m desempenha um papel importante na educa\u00e7\u00e3o. Conhecer a hist\u00f3ria da resist\u00eancia negra, das lutas contra a escravid\u00e3o e das formas de organiza\u00e7\u00e3o e express\u00e3o desenvolvidas pela popula\u00e7\u00e3o negra permite confrontar vers\u00f5es do passado que durante muito tempo minimizaram ou ocultaram essa participa\u00e7\u00e3o. Nesse sentido, iniciativas educacionais, como as previstas pela Lei 10.639, que estabelece o ensino de hist\u00f3ria e cultura afro-brasileira e africana, podem contribuir para formar novas gera\u00e7\u00f5es mais conscientes sobre a diversidade e a hist\u00f3ria do pa\u00eds.<\/p>\n\n\n\n<p>#Patrim\u00f4nioCulturalNegro<\/p>\n\n\n\n<p>via Ci\u00eancia e Cultura<\/p>\n\n\n\n<p>Dispon\u00edvel em: <a href=\"https:\/\/revistacienciaecultura.org.br\/?p=10740\">https:\/\/revistacienciaecultura.org.br\/?p=10740<\/a><\/p>\n","protected":false},"excerpt":{"rendered":"<p>Patrim\u00f4nio afro-brasileiro: preservar \u00e9 reconhecer o Brasil \/ Ci\u00eancia e Cultura A preserva\u00e7\u00e3o do patrim\u00f4nio afro-brasileiro \u00e9 tamb\u00e9m uma forma de reconhecer a pr\u00f3pria identidade do Brasil. Quilombos, terreiros de candombl\u00e9, rodas de capoeira, samba, acaraj\u00e9 e festejos populares s\u00e3o parte de uma heran\u00e7a cultural constru\u00edda ao longo de s\u00e9culos e que re\u00fane dimens\u00f5es materiais<\/p><\/div>\n<div class=\"blog-btn\"><a href=\"https:\/\/www.pedroandretta.info\/index\/2026\/09\/patrimonio-afro-brasileiro-preservar-e-reconhecer-o-brasil-ciencia-e-cultura\/\" class=\"home-blog-btn\">Ler mais<\/a><\/p>\n","protected":false},"author":1,"featured_media":0,"comment_status":"open","ping_status":"open","sticky":false,"template":"","format":"standard","meta":{"_jetpack_newsletter_access":"","_jetpack_dont_email_post_to_subs":false,"_jetpack_newsletter_tier_id":0,"_jetpack_memberships_contains_paywalled_content":false,"_jetpack_feature_clip_id":0,"_jetpack_memberships_contains_paid_content":false,"footnotes":"","jetpack_publicize_message":"","jetpack_publicize_feature_enabled":true,"jetpack_social_post_already_shared":true,"jetpack_social_options":{"image_generator_settings":{"template":"highway","default_image_id":0,"font":"","enabled":false},"version":2},"jetpack_post_was_ever_published":false},"categories":[21],"tags":[3729],"class_list":["post-40196","post","type-post","status-publish","format-standard","hentry","category-informeci","tag-patrimonioculturalnegro"],"jetpack_publicize_connections":[],"jetpack_featured_media_url":"","views":"","jetpack_sharing_enabled":true,"_links":{"self":[{"href":"https:\/\/www.pedroandretta.info\/index\/wp-json\/wp\/v2\/posts\/40196","targetHints":{"allow":["GET"]}}],"collection":[{"href":"https:\/\/www.pedroandretta.info\/index\/wp-json\/wp\/v2\/posts"}],"about":[{"href":"https:\/\/www.pedroandretta.info\/index\/wp-json\/wp\/v2\/types\/post"}],"author":[{"embeddable":true,"href":"https:\/\/www.pedroandretta.info\/index\/wp-json\/wp\/v2\/users\/1"}],"replies":[{"embeddable":true,"href":"https:\/\/www.pedroandretta.info\/index\/wp-json\/wp\/v2\/comments?post=40196"}],"version-history":[{"count":1,"href":"https:\/\/www.pedroandretta.info\/index\/wp-json\/wp\/v2\/posts\/40196\/revisions"}],"predecessor-version":[{"id":40197,"href":"https:\/\/www.pedroandretta.info\/index\/wp-json\/wp\/v2\/posts\/40196\/revisions\/40197"}],"wp:attachment":[{"href":"https:\/\/www.pedroandretta.info\/index\/wp-json\/wp\/v2\/media?parent=40196"}],"wp:term":[{"taxonomy":"category","embeddable":true,"href":"https:\/\/www.pedroandretta.info\/index\/wp-json\/wp\/v2\/categories?post=40196"},{"taxonomy":"post_tag","embeddable":true,"href":"https:\/\/www.pedroandretta.info\/index\/wp-json\/wp\/v2\/tags?post=40196"}],"curies":[{"name":"wp","href":"https:\/\/api.w.org\/{rel}","templated":true}]}}