{"id":4109,"date":"2020-02-05T06:50:29","date_gmt":"2020-02-05T06:50:29","guid":{"rendered":"https:\/\/www.pedroandretta.info\/index\/?p=4109"},"modified":"2020-02-05T06:50:29","modified_gmt":"2020-02-05T06:50:29","slug":"museu-devon-em-disputa-de-repatriacao-de-reliquias-indigenas-nos-ultimos-mese","status":"publish","type":"post","link":"https:\/\/www.pedroandretta.info\/index\/2020\/02\/museu-devon-em-disputa-de-repatriacao-de-reliquias-indigenas-nos-ultimos-mese\/","title":{"rendered":"Museu Devon em disputa de repatria\u00e7\u00e3o de rel\u00edquias ind\u00edgenas | \u201cNos \u00faltimos mese&#8230;"},"content":{"rendered":"<p>[ad_1]<br \/>\n<img data-recalc-dims=\"1\" decoding=\"async\" src=\"https:\/\/i0.wp.com\/www.pedroandretta.info\/index\/wp-content\/uploads\/2020\/02\/Museu-Devon-em-disputa-de-repatriacao-de-reliquias-indigenas.jpg?w=696&#038;ssl=1\"\/><\/p>\n<blockquote class=\"twitter-tweet\">\n<p lang=\"pt\" dir=\"ltr\">Museu Devon em disputa de repatria\u00e7\u00e3o de rel\u00edquias ind\u00edgenas | \u201cNos \u00faltimos meses, os debates sobre a descoloniza\u00e7\u00e3o dos museus brit\u00e2nicos t\u00eam se intensificado. A resposta dos <a target=\"_blank\" href=\"https:\/\/twitter.com\/hashtag\/museus?src=hash&amp;ref_src=twsrc%5Etfw\" rel=\"noopener noreferrer\">#museus<\/a> brit\u00e2nicos tem sido amb\u00edgua  [&#8230;]\u201d <a target=\"_blank\" href=\"https:\/\/twitter.com\/hashtag\/museologia?src=hash&amp;ref_src=twsrc%5Etfw\" rel=\"noopener noreferrer\">#museologia<\/a> via The Guardian <a target=\"_blank\" href=\"https:\/\/t.co\/snc5NPkH0n\" rel=\"noopener noreferrer\">https:\/\/t.co\/snc5NPkH0n<\/a><\/p>\n<p>&mdash; Pedro Andretta (@pedroisandretta) <a target=\"_blank\" href=\"https:\/\/twitter.com\/pedroisandretta\/status\/1224948390838050817?ref_src=twsrc%5Etfw\" rel=\"noopener noreferrer\">February 5, 2020<\/a><\/p><\/blockquote>\n<p><script async src=\"https:\/\/platform.twitter.com\/widgets.js\" charset=\"utf-8\"><\/script><\/p>\n<p>[ad_2]<br \/>\n<br \/><a href=\"https:\/\/twitter.com\/pedroisandretta\/statuses\/1224948390838050817\">Source<\/a> by <a href=\"https:\/\/t.co\/MfIsGWjH1p\">Pedro Andretta<\/a><\/p>\n","protected":false},"excerpt":{"rendered":"<p>[ad_1] Museu Devon em disputa de repatria\u00e7\u00e3o de rel\u00edquias ind\u00edgenas | \u201cNos \u00faltimos meses, os debates sobre a descoloniza\u00e7\u00e3o dos museus brit\u00e2nicos t\u00eam se intensificado. A resposta dos #museus brit\u00e2nicos tem sido amb\u00edgua [&#8230;]\u201d #museologia via The Guardian https:\/\/t.co\/snc5NPkH0n &mdash; Pedro Andretta (@pedroisandretta) February 5, 2020 [ad_2] Source by Pedro Andretta<\/p>\n","protected":false},"author":1,"featured_media":0,"comment_status":"open","ping_status":"open","sticky":false,"template":"","format":"standard","meta":{"_jetpack_memberships_contains_paid_content":false,"footnotes":"","jetpack_publicize_message":"","jetpack_publicize_feature_enabled":true,"jetpack_social_post_already_shared":true,"jetpack_social_options":{"image_generator_settings":{"template":"highway","default_image_id":0,"font":"","enabled":false},"version":2}},"categories":[21],"tags":[53,34],"class_list":["post-4109","post","type-post","status-publish","format-standard","hentry","category-informeci","tag-museologia","tag-museus"],"jetpack_publicize_connections":[],"jetpack_featured_media_url":"","views":"","jetpack_sharing_enabled":true,"_links":{"self":[{"href":"https:\/\/www.pedroandretta.info\/index\/wp-json\/wp\/v2\/posts\/4109","targetHints":{"allow":["GET"]}}],"collection":[{"href":"https:\/\/www.pedroandretta.info\/index\/wp-json\/wp\/v2\/posts"}],"about":[{"href":"https:\/\/www.pedroandretta.info\/index\/wp-json\/wp\/v2\/types\/post"}],"author":[{"embeddable":true,"href":"https:\/\/www.pedroandretta.info\/index\/wp-json\/wp\/v2\/users\/1"}],"replies":[{"embeddable":true,"href":"https:\/\/www.pedroandretta.info\/index\/wp-json\/wp\/v2\/comments?post=4109"}],"version-history":[{"count":0,"href":"https:\/\/www.pedroandretta.info\/index\/wp-json\/wp\/v2\/posts\/4109\/revisions"}],"wp:attachment":[{"href":"https:\/\/www.pedroandretta.info\/index\/wp-json\/wp\/v2\/media?parent=4109"}],"wp:term":[{"taxonomy":"category","embeddable":true,"href":"https:\/\/www.pedroandretta.info\/index\/wp-json\/wp\/v2\/categories?post=4109"},{"taxonomy":"post_tag","embeddable":true,"href":"https:\/\/www.pedroandretta.info\/index\/wp-json\/wp\/v2\/tags?post=4109"}],"curies":[{"name":"wp","href":"https:\/\/api.w.org\/{rel}","templated":true}]}}