{"id":4110,"date":"2020-02-05T06:40:02","date_gmt":"2020-02-05T06:40:02","guid":{"rendered":"https:\/\/www.pedroandretta.info\/index\/?p=4110"},"modified":"2020-02-05T06:40:02","modified_gmt":"2020-02-05T06:40:02","slug":"o-papel-social-das-bibliotecas-hoje-a-biblioteca-publica-tornou-se-num-organi","status":"publish","type":"post","link":"https:\/\/www.pedroandretta.info\/index\/2020\/02\/o-papel-social-das-bibliotecas-hoje-a-biblioteca-publica-tornou-se-num-organi\/","title":{"rendered":"O papel social das bibliotecas | \u201cHoje a biblioteca p\u00fablica tornou-se num organi&#8230;"},"content":{"rendered":"<p>[ad_1]<br \/>\n<img decoding=\"async\" src=\"\/\/images.impresa.pt\/postal\/2019-11-15-Biblioteca-Municipal-Lidia-Jorge.jpg-3\/fb\/wm\"\/><\/p>\n<blockquote class=\"twitter-tweet\">\n<p lang=\"pt\" dir=\"ltr\">O papel social das bibliotecas | \u201cHoje a biblioteca p\u00fablica tornou-se num organismo vivo que alargou os seus limites de atua\u00e7\u00e3o, saindo fora de portas. Procura ir ao encontro de grupos espec\u00edficos ou de contextos particulares [&#8230;]\u201d <a target=\"_blank\" href=\"https:\/\/twitter.com\/hashtag\/bibliotecasp%C3%BAblicas?src=hash&amp;ref_src=twsrc%5Etfw\" rel=\"noopener noreferrer\">#bibliotecasp\u00fablicas<\/a>  <a target=\"_blank\" href=\"https:\/\/t.co\/1EIrtqNkBy\" rel=\"noopener noreferrer\">https:\/\/t.co\/1EIrtqNkBy<\/a><\/p>\n<p>&mdash; Pedro Andretta (@pedroisandretta) <a target=\"_blank\" href=\"https:\/\/twitter.com\/pedroisandretta\/status\/1224945760925634565?ref_src=twsrc%5Etfw\" rel=\"noopener noreferrer\">February 5, 2020<\/a><\/p><\/blockquote>\n<p><script async src=\"https:\/\/platform.twitter.com\/widgets.js\" charset=\"utf-8\"><\/script><\/p>\n<p>[ad_2]<br \/>\n<br \/><a href=\"https:\/\/twitter.com\/pedroisandretta\/statuses\/1224945760925634565\">Source<\/a> by <a href=\"https:\/\/t.co\/MfIsGWjH1p\">Pedro Andretta<\/a><\/p>\n","protected":false},"excerpt":{"rendered":"<p>[ad_1] O papel social das bibliotecas | \u201cHoje a biblioteca p\u00fablica tornou-se num organismo vivo que alargou os seus limites de atua\u00e7\u00e3o, saindo fora de portas. Procura ir ao encontro de grupos espec\u00edficos ou de contextos particulares [&#8230;]\u201d #bibliotecasp\u00fablicas https:\/\/t.co\/1EIrtqNkBy &mdash; Pedro Andretta (@pedroisandretta) February 5, 2020 [ad_2] Source by Pedro Andretta<\/p>\n","protected":false},"author":1,"featured_media":0,"comment_status":"open","ping_status":"open","sticky":false,"template":"","format":"standard","meta":{"_jetpack_memberships_contains_paid_content":false,"footnotes":"","jetpack_publicize_message":"","jetpack_publicize_feature_enabled":true,"jetpack_social_post_already_shared":true,"jetpack_social_options":{"image_generator_settings":{"template":"highway","default_image_id":0,"font":"","enabled":false},"version":2}},"categories":[21],"tags":[39],"class_list":["post-4110","post","type-post","status-publish","format-standard","hentry","category-informeci","tag-bibliotecaspublicas"],"jetpack_publicize_connections":[],"jetpack_featured_media_url":"","views":"","jetpack_sharing_enabled":true,"_links":{"self":[{"href":"https:\/\/www.pedroandretta.info\/index\/wp-json\/wp\/v2\/posts\/4110","targetHints":{"allow":["GET"]}}],"collection":[{"href":"https:\/\/www.pedroandretta.info\/index\/wp-json\/wp\/v2\/posts"}],"about":[{"href":"https:\/\/www.pedroandretta.info\/index\/wp-json\/wp\/v2\/types\/post"}],"author":[{"embeddable":true,"href":"https:\/\/www.pedroandretta.info\/index\/wp-json\/wp\/v2\/users\/1"}],"replies":[{"embeddable":true,"href":"https:\/\/www.pedroandretta.info\/index\/wp-json\/wp\/v2\/comments?post=4110"}],"version-history":[{"count":0,"href":"https:\/\/www.pedroandretta.info\/index\/wp-json\/wp\/v2\/posts\/4110\/revisions"}],"wp:attachment":[{"href":"https:\/\/www.pedroandretta.info\/index\/wp-json\/wp\/v2\/media?parent=4110"}],"wp:term":[{"taxonomy":"category","embeddable":true,"href":"https:\/\/www.pedroandretta.info\/index\/wp-json\/wp\/v2\/categories?post=4110"},{"taxonomy":"post_tag","embeddable":true,"href":"https:\/\/www.pedroandretta.info\/index\/wp-json\/wp\/v2\/tags?post=4110"}],"curies":[{"name":"wp","href":"https:\/\/api.w.org\/{rel}","templated":true}]}}