{"id":4113,"date":"2020-02-05T20:59:43","date_gmt":"2020-02-05T20:59:43","guid":{"rendered":"https:\/\/www.pedroandretta.info\/index\/?p=4113"},"modified":"2020-02-05T20:59:43","modified_gmt":"2020-02-05T20:59:43","slug":"as-bibliotecas-e-o-ecossistema-digital-o-ecossistemadigital-e-definido-como","status":"publish","type":"post","link":"https:\/\/www.pedroandretta.info\/index\/2020\/02\/as-bibliotecas-e-o-ecossistema-digital-o-ecossistemadigital-e-definido-como\/","title":{"rendered":"As #bibliotecas e o ecossistema digital | \u201cO #ecossistemadigital \u00e9 definido como&#8230;"},"content":{"rendered":"<p>[ad_1]<br \/>\n<img data-recalc-dims=\"1\" decoding=\"async\" src=\"https:\/\/i0.wp.com\/www.pedroandretta.info\/index\/wp-content\/uploads\/2020\/02\/As-bibliotecas-e-o-ecossistema-digital-%E2%80%9CO-ecossistemadigital-e.jpg?w=696&#038;ssl=1\"\/><\/p>\n<blockquote class=\"twitter-tweet\">\n<p lang=\"pt\" dir=\"ltr\">As <a target=\"_blank\" href=\"https:\/\/twitter.com\/hashtag\/bibliotecas?src=hash&amp;ref_src=twsrc%5Etfw\" rel=\"noopener noreferrer\">#bibliotecas<\/a> e o ecossistema digital | \u201cO <a target=\"_blank\" href=\"https:\/\/twitter.com\/hashtag\/ecossistemadigital?src=hash&amp;ref_src=twsrc%5Etfw\" rel=\"noopener noreferrer\">#ecossistemadigital<\/a> \u00e9 definido como uma rede complexa onde plataformas, pessoas e institui\u00e7\u00f5es convergem em um cen\u00e1rio onde conex\u00f5es, relacionamentos e depend\u00eancias configuram e reconfiguram ambientes digitais.\u201d <a target=\"_blank\" href=\"https:\/\/t.co\/FrQkZDhBgm\" rel=\"noopener noreferrer\">https:\/\/t.co\/FrQkZDhBgm<\/a><\/p>\n<p>&mdash; Pedro Andretta (@pedroisandretta) <a target=\"_blank\" href=\"https:\/\/twitter.com\/pedroisandretta\/status\/1225162108922363904?ref_src=twsrc%5Etfw\" rel=\"noopener noreferrer\">February 5, 2020<\/a><\/p><\/blockquote>\n<p><script async src=\"https:\/\/platform.twitter.com\/widgets.js\" charset=\"utf-8\"><\/script><\/p>\n<p>[ad_2]<br \/>\n<br \/><a href=\"https:\/\/twitter.com\/pedroisandretta\/statuses\/1225162108922363904\">Source<\/a> by <a href=\"https:\/\/t.co\/MfIsGWjH1p\">Pedro Andretta<\/a><\/p>\n","protected":false},"excerpt":{"rendered":"<p>[ad_1] As #bibliotecas e o ecossistema digital | \u201cO #ecossistemadigital \u00e9 definido como uma rede complexa onde plataformas, pessoas e institui\u00e7\u00f5es convergem em um cen\u00e1rio onde conex\u00f5es, relacionamentos e depend\u00eancias configuram e reconfiguram ambientes digitais.\u201d https:\/\/t.co\/FrQkZDhBgm &mdash; Pedro Andretta (@pedroisandretta) February 5, 2020 [ad_2] Source by Pedro Andretta<\/p>\n","protected":false},"author":1,"featured_media":4114,"comment_status":"open","ping_status":"open","sticky":false,"template":"","format":"standard","meta":{"_jetpack_memberships_contains_paid_content":false,"footnotes":"","jetpack_publicize_message":"","jetpack_publicize_feature_enabled":true,"jetpack_social_post_already_shared":true,"jetpack_social_options":{"image_generator_settings":{"template":"highway","default_image_id":0,"font":"","enabled":false},"version":2}},"categories":[21],"tags":[38,469],"class_list":["post-4113","post","type-post","status-publish","format-standard","has-post-thumbnail","hentry","category-informeci","tag-bibliotecas","tag-ecossistemadigital"],"jetpack_publicize_connections":[],"jetpack_featured_media_url":"https:\/\/i0.wp.com\/www.pedroandretta.info\/index\/wp-content\/uploads\/2020\/02\/As-bibliotecas-e-o-ecossistema-digital-%E2%80%9CO-ecossistemadigital-%C3%A9.jpg?fit=300%2C335&ssl=1","views":"","jetpack_sharing_enabled":true,"_links":{"self":[{"href":"https:\/\/www.pedroandretta.info\/index\/wp-json\/wp\/v2\/posts\/4113","targetHints":{"allow":["GET"]}}],"collection":[{"href":"https:\/\/www.pedroandretta.info\/index\/wp-json\/wp\/v2\/posts"}],"about":[{"href":"https:\/\/www.pedroandretta.info\/index\/wp-json\/wp\/v2\/types\/post"}],"author":[{"embeddable":true,"href":"https:\/\/www.pedroandretta.info\/index\/wp-json\/wp\/v2\/users\/1"}],"replies":[{"embeddable":true,"href":"https:\/\/www.pedroandretta.info\/index\/wp-json\/wp\/v2\/comments?post=4113"}],"version-history":[{"count":0,"href":"https:\/\/www.pedroandretta.info\/index\/wp-json\/wp\/v2\/posts\/4113\/revisions"}],"wp:featuredmedia":[{"embeddable":true,"href":"https:\/\/www.pedroandretta.info\/index\/wp-json\/wp\/v2\/media\/4114"}],"wp:attachment":[{"href":"https:\/\/www.pedroandretta.info\/index\/wp-json\/wp\/v2\/media?parent=4113"}],"wp:term":[{"taxonomy":"category","embeddable":true,"href":"https:\/\/www.pedroandretta.info\/index\/wp-json\/wp\/v2\/categories?post=4113"},{"taxonomy":"post_tag","embeddable":true,"href":"https:\/\/www.pedroandretta.info\/index\/wp-json\/wp\/v2\/tags?post=4113"}],"curies":[{"name":"wp","href":"https:\/\/api.w.org\/{rel}","templated":true}]}}