{"id":4115,"date":"2020-02-05T21:42:23","date_gmt":"2020-02-05T21:42:23","guid":{"rendered":"https:\/\/www.pedroandretta.info\/index\/?p=4115"},"modified":"2020-02-05T21:42:23","modified_gmt":"2020-02-05T21:42:23","slug":"gestao-de-mudancas-em-bibliotecaspublicas-7-recomendacoes-das-bibliotecas-de-c","status":"publish","type":"post","link":"https:\/\/www.pedroandretta.info\/index\/2020\/02\/gestao-de-mudancas-em-bibliotecaspublicas-7-recomendacoes-das-bibliotecas-de-c\/","title":{"rendered":"Gest\u00e3o de Mudan\u00e7as em #BibliotecasP\u00fablicas: 7 recomenda\u00e7\u00f5es das Bibliotecas de C&#8230;"},"content":{"rendered":"<p>[ad_1]<\/p>\n<blockquote class=\"twitter-tweet\">\n<p lang=\"pt\" dir=\"ltr\">Gest\u00e3o de Mudan\u00e7as em <a target=\"_blank\" href=\"https:\/\/twitter.com\/hashtag\/BibliotecasP%C3%BAblicas?src=hash&amp;ref_src=twsrc%5Etfw\" rel=\"noopener noreferrer\">#BibliotecasP\u00fablicas<\/a>: 7 recomenda\u00e7\u00f5es das Bibliotecas de Copenhague| \u201dO diagrama em pir\u00e2mide da cria\u00e7\u00e3o de valor serviu como uma ferramenta importante durante o processo de redesenho dos servi\u00e7os de bibliotecas de Copenhague [&#8230;]\u201d<a target=\"_blank\" href=\"https:\/\/t.co\/eLWblvwpim\" rel=\"noopener noreferrer\">https:\/\/t.co\/eLWblvwpim<\/a> <a target=\"_blank\" href=\"https:\/\/t.co\/bxEaSUkD8i\" rel=\"noopener noreferrer\">pic.twitter.com\/bxEaSUkD8i<\/a><\/p>\n<p>&mdash; Pedro Andretta (@pedroisandretta) <a target=\"_blank\" href=\"https:\/\/twitter.com\/pedroisandretta\/status\/1225172844642021380?ref_src=twsrc%5Etfw\" rel=\"noopener noreferrer\">February 5, 2020<\/a><\/p><\/blockquote>\n<p><script async src=\"https:\/\/platform.twitter.com\/widgets.js\" charset=\"utf-8\"><\/script><\/p>\n<p>[ad_2]<br \/>\n<br \/><a href=\"https:\/\/twitter.com\/pedroisandretta\/statuses\/1225172844642021380\">Source<\/a> by <a href=\"https:\/\/t.co\/MfIsGWjH1p\">Pedro Andretta<\/a><\/p>\n","protected":false},"excerpt":{"rendered":"<p>[ad_1] Gest\u00e3o de Mudan\u00e7as em #BibliotecasP\u00fablicas: 7 recomenda\u00e7\u00f5es das Bibliotecas de Copenhague| \u201dO diagrama em pir\u00e2mide da cria\u00e7\u00e3o de valor serviu como uma ferramenta importante durante o processo de redesenho dos servi\u00e7os de bibliotecas de Copenhague [&#8230;]\u201dhttps:\/\/t.co\/eLWblvwpim pic.twitter.com\/bxEaSUkD8i &mdash; Pedro Andretta (@pedroisandretta) February 5, 2020 [ad_2] Source by Pedro Andretta<\/p>\n","protected":false},"author":1,"featured_media":0,"comment_status":"open","ping_status":"open","sticky":false,"template":"","format":"standard","meta":{"_jetpack_memberships_contains_paid_content":false,"footnotes":"","jetpack_publicize_message":"","jetpack_publicize_feature_enabled":true,"jetpack_social_post_already_shared":true,"jetpack_social_options":{"image_generator_settings":{"template":"highway","default_image_id":0,"font":"","enabled":false},"version":2}},"categories":[21],"tags":[39],"class_list":["post-4115","post","type-post","status-publish","format-standard","hentry","category-informeci","tag-bibliotecaspublicas"],"jetpack_publicize_connections":[],"jetpack_featured_media_url":"","views":"","jetpack_sharing_enabled":true,"_links":{"self":[{"href":"https:\/\/www.pedroandretta.info\/index\/wp-json\/wp\/v2\/posts\/4115","targetHints":{"allow":["GET"]}}],"collection":[{"href":"https:\/\/www.pedroandretta.info\/index\/wp-json\/wp\/v2\/posts"}],"about":[{"href":"https:\/\/www.pedroandretta.info\/index\/wp-json\/wp\/v2\/types\/post"}],"author":[{"embeddable":true,"href":"https:\/\/www.pedroandretta.info\/index\/wp-json\/wp\/v2\/users\/1"}],"replies":[{"embeddable":true,"href":"https:\/\/www.pedroandretta.info\/index\/wp-json\/wp\/v2\/comments?post=4115"}],"version-history":[{"count":0,"href":"https:\/\/www.pedroandretta.info\/index\/wp-json\/wp\/v2\/posts\/4115\/revisions"}],"wp:attachment":[{"href":"https:\/\/www.pedroandretta.info\/index\/wp-json\/wp\/v2\/media?parent=4115"}],"wp:term":[{"taxonomy":"category","embeddable":true,"href":"https:\/\/www.pedroandretta.info\/index\/wp-json\/wp\/v2\/categories?post=4115"},{"taxonomy":"post_tag","embeddable":true,"href":"https:\/\/www.pedroandretta.info\/index\/wp-json\/wp\/v2\/tags?post=4115"}],"curies":[{"name":"wp","href":"https:\/\/api.w.org\/{rel}","templated":true}]}}