{"id":4116,"date":"2020-02-06T01:45:46","date_gmt":"2020-02-06T01:45:46","guid":{"rendered":"https:\/\/www.pedroandretta.info\/index\/?p=4116"},"modified":"2020-02-06T01:45:46","modified_gmt":"2020-02-06T01:45:46","slug":"bibliotecas-publicas-em-pocos-de-caldas-mg-informacoes-da-bibliotecaria-maga","status":"publish","type":"post","link":"https:\/\/www.pedroandretta.info\/index\/2020\/02\/bibliotecas-publicas-em-pocos-de-caldas-mg-informacoes-da-bibliotecaria-maga\/","title":{"rendered":"Bibliotecas P\u00fablicas em Po\u00e7os de Caldas &#8211; MG | Informa\u00e7\u00f5es da bibliotec\u00e1ria Maga&#8230;"},"content":{"rendered":"<p>[ad_1]<\/p>\n<blockquote class=\"twitter-tweet\">\n<p lang=\"pt\" dir=\"ltr\">Bibliotecas P\u00fablicas em Po\u00e7os de Caldas &#8211; MG | Informa\u00e7\u00f5es da bibliotec\u00e1ria Magaly Franco, que coordena 4 <a target=\"_blank\" href=\"https:\/\/twitter.com\/hashtag\/bibliotecasp%C3%BAblicas?src=hash&amp;ref_src=twsrc%5Etfw\" rel=\"noopener noreferrer\">#bibliotecasp\u00fablicas<\/a> distribu\u00eddas entre o centro e os bairros da cidade, al\u00e9m de uma cabine de livros livres. \ud83d\udcda via Ca\u00e7adores de Bibliotecas <a target=\"_blank\" href=\"https:\/\/t.co\/x85YWMCKnD\" rel=\"noopener noreferrer\">https:\/\/t.co\/x85YWMCKnD<\/a><\/p>\n<p>&mdash; Pedro Andretta (@pedroisandretta) <a target=\"_blank\" href=\"https:\/\/twitter.com\/pedroisandretta\/status\/1225234095938134016?ref_src=twsrc%5Etfw\" rel=\"noopener noreferrer\">February 6, 2020<\/a><\/p><\/blockquote>\n<p><script async src=\"https:\/\/platform.twitter.com\/widgets.js\" charset=\"utf-8\"><\/script><\/p>\n<p>[ad_2]<br \/>\n<br \/><a href=\"https:\/\/twitter.com\/pedroisandretta\/statuses\/1225234095938134016\">Source<\/a> by <a href=\"https:\/\/t.co\/MfIsGWjH1p\">Pedro Andretta<\/a><\/p>\n","protected":false},"excerpt":{"rendered":"<p>[ad_1] Bibliotecas P\u00fablicas em Po\u00e7os de Caldas &#8211; MG | Informa\u00e7\u00f5es da bibliotec\u00e1ria Magaly Franco, que coordena 4 #bibliotecasp\u00fablicas distribu\u00eddas entre o centro e os bairros da cidade, al\u00e9m de uma cabine de livros livres. \ud83d\udcda via Ca\u00e7adores de Bibliotecas https:\/\/t.co\/x85YWMCKnD &mdash; Pedro Andretta (@pedroisandretta) February 6, 2020 [ad_2] Source by Pedro Andretta<\/p>\n","protected":false},"author":1,"featured_media":0,"comment_status":"open","ping_status":"open","sticky":false,"template":"","format":"standard","meta":{"_jetpack_memberships_contains_paid_content":false,"footnotes":"","jetpack_publicize_message":"","jetpack_publicize_feature_enabled":true,"jetpack_social_post_already_shared":true,"jetpack_social_options":{"image_generator_settings":{"template":"highway","default_image_id":0,"font":"","enabled":false},"version":2}},"categories":[21],"tags":[39],"class_list":["post-4116","post","type-post","status-publish","format-standard","hentry","category-informeci","tag-bibliotecaspublicas"],"jetpack_publicize_connections":[],"jetpack_featured_media_url":"","views":"","jetpack_sharing_enabled":true,"_links":{"self":[{"href":"https:\/\/www.pedroandretta.info\/index\/wp-json\/wp\/v2\/posts\/4116","targetHints":{"allow":["GET"]}}],"collection":[{"href":"https:\/\/www.pedroandretta.info\/index\/wp-json\/wp\/v2\/posts"}],"about":[{"href":"https:\/\/www.pedroandretta.info\/index\/wp-json\/wp\/v2\/types\/post"}],"author":[{"embeddable":true,"href":"https:\/\/www.pedroandretta.info\/index\/wp-json\/wp\/v2\/users\/1"}],"replies":[{"embeddable":true,"href":"https:\/\/www.pedroandretta.info\/index\/wp-json\/wp\/v2\/comments?post=4116"}],"version-history":[{"count":0,"href":"https:\/\/www.pedroandretta.info\/index\/wp-json\/wp\/v2\/posts\/4116\/revisions"}],"wp:attachment":[{"href":"https:\/\/www.pedroandretta.info\/index\/wp-json\/wp\/v2\/media?parent=4116"}],"wp:term":[{"taxonomy":"category","embeddable":true,"href":"https:\/\/www.pedroandretta.info\/index\/wp-json\/wp\/v2\/categories?post=4116"},{"taxonomy":"post_tag","embeddable":true,"href":"https:\/\/www.pedroandretta.info\/index\/wp-json\/wp\/v2\/tags?post=4116"}],"curies":[{"name":"wp","href":"https:\/\/api.w.org\/{rel}","templated":true}]}}