{"id":4117,"date":"2020-02-05T21:10:38","date_gmt":"2020-02-05T21:10:38","guid":{"rendered":"https:\/\/www.pedroandretta.info\/index\/?p=4117"},"modified":"2020-02-05T21:10:38","modified_gmt":"2020-02-05T21:10:38","slug":"bibliotecario-o-profissional-de-ontem-hoje-e-amanha-video-do-conselho-federa","status":"publish","type":"post","link":"https:\/\/www.pedroandretta.info\/index\/2020\/02\/bibliotecario-o-profissional-de-ontem-hoje-e-amanha-video-do-conselho-federa\/","title":{"rendered":"Bibliotec\u00e1rio: O profissional de ontem, hoje e amanh\u00e3 | v\u00eddeo do Conselho Federa&#8230;"},"content":{"rendered":"<p>[ad_1]<br \/>\n<img data-recalc-dims=\"1\" decoding=\"async\" src=\"https:\/\/i0.wp.com\/www.pedroandretta.info\/index\/wp-content\/uploads\/2020\/02\/Bibliotecario-O-profissional-de-ontem-hoje-e-amanha-video.jpg?w=696&#038;ssl=1\"\/><\/p>\n<blockquote class=\"twitter-tweet\">\n<p lang=\"pt\" dir=\"ltr\">Bibliotec\u00e1rio: O profissional de ontem, hoje e amanh\u00e3 | v\u00eddeo do Conselho Federal de <a target=\"_blank\" href=\"https:\/\/twitter.com\/hashtag\/Biblioteconomia?src=hash&amp;ref_src=twsrc%5Etfw\" rel=\"noopener noreferrer\">#Biblioteconomia<\/a> (2015). At\u00e9 dezembro de 2015 havia 37 mil <a target=\"_blank\" href=\"https:\/\/twitter.com\/hashtag\/bibliotec%C3%A1rios?src=hash&amp;ref_src=twsrc%5Etfw\" rel=\"noopener noreferrer\">#bibliotec\u00e1rios<\/a> (minha d\u00favida \u00e9 se esse quantitativo eram de formados ou registrados?)! \u2066<a target=\"_blank\" href=\"https:\/\/twitter.com\/SistemaCFB?ref_src=twsrc%5Etfw\" rel=\"noopener noreferrer\">@SistemaCFB<\/a>\u2069  <a target=\"_blank\" href=\"https:\/\/t.co\/gYzBgX433A\" rel=\"noopener noreferrer\">https:\/\/t.co\/gYzBgX433A<\/a><\/p>\n<p>&mdash; Pedro Andretta (@pedroisandretta) <a target=\"_blank\" href=\"https:\/\/twitter.com\/pedroisandretta\/status\/1225164852794138629?ref_src=twsrc%5Etfw\" rel=\"noopener noreferrer\">February 5, 2020<\/a><\/p><\/blockquote>\n<p><script async src=\"https:\/\/platform.twitter.com\/widgets.js\" charset=\"utf-8\"><\/script><\/p>\n<p>[ad_2]<br \/>\n<br \/><a href=\"https:\/\/twitter.com\/pedroisandretta\/statuses\/1225164852794138629\">Source<\/a> by <a href=\"https:\/\/t.co\/MfIsGWjH1p\">Pedro Andretta<\/a><\/p>\n","protected":false},"excerpt":{"rendered":"<p>[ad_1] Bibliotec\u00e1rio: O profissional de ontem, hoje e amanh\u00e3 | v\u00eddeo do Conselho Federal de #Biblioteconomia (2015). At\u00e9 dezembro de 2015 havia 37 mil #bibliotec\u00e1rios (minha d\u00favida \u00e9 se esse quantitativo eram de formados ou registrados?)! \u2066@SistemaCFB\u2069 https:\/\/t.co\/gYzBgX433A &mdash; Pedro Andretta (@pedroisandretta) February 5, 2020 [ad_2] Source by Pedro Andretta<\/p>\n","protected":false},"author":1,"featured_media":4118,"comment_status":"open","ping_status":"open","sticky":false,"template":"","format":"standard","meta":{"_jetpack_memberships_contains_paid_content":false,"footnotes":"","jetpack_publicize_message":"","jetpack_publicize_feature_enabled":true,"jetpack_social_post_already_shared":true,"jetpack_social_options":{"image_generator_settings":{"template":"highway","default_image_id":0,"font":"","enabled":false},"version":2}},"categories":[21],"tags":[22,33],"class_list":["post-4117","post","type-post","status-publish","format-standard","has-post-thumbnail","hentry","category-informeci","tag-bibliotecarios","tag-biblioteconomia"],"jetpack_publicize_connections":[],"jetpack_featured_media_url":"https:\/\/i0.wp.com\/www.pedroandretta.info\/index\/wp-content\/uploads\/2020\/02\/Bibliotecario-O-profissional-de-ontem-hoje-e-amanha-video.jpg?fit=1280%2C720&ssl=1","views":"","jetpack_sharing_enabled":true,"_links":{"self":[{"href":"https:\/\/www.pedroandretta.info\/index\/wp-json\/wp\/v2\/posts\/4117","targetHints":{"allow":["GET"]}}],"collection":[{"href":"https:\/\/www.pedroandretta.info\/index\/wp-json\/wp\/v2\/posts"}],"about":[{"href":"https:\/\/www.pedroandretta.info\/index\/wp-json\/wp\/v2\/types\/post"}],"author":[{"embeddable":true,"href":"https:\/\/www.pedroandretta.info\/index\/wp-json\/wp\/v2\/users\/1"}],"replies":[{"embeddable":true,"href":"https:\/\/www.pedroandretta.info\/index\/wp-json\/wp\/v2\/comments?post=4117"}],"version-history":[{"count":0,"href":"https:\/\/www.pedroandretta.info\/index\/wp-json\/wp\/v2\/posts\/4117\/revisions"}],"wp:featuredmedia":[{"embeddable":true,"href":"https:\/\/www.pedroandretta.info\/index\/wp-json\/wp\/v2\/media\/4118"}],"wp:attachment":[{"href":"https:\/\/www.pedroandretta.info\/index\/wp-json\/wp\/v2\/media?parent=4117"}],"wp:term":[{"taxonomy":"category","embeddable":true,"href":"https:\/\/www.pedroandretta.info\/index\/wp-json\/wp\/v2\/categories?post=4117"},{"taxonomy":"post_tag","embeddable":true,"href":"https:\/\/www.pedroandretta.info\/index\/wp-json\/wp\/v2\/tags?post=4117"}],"curies":[{"name":"wp","href":"https:\/\/api.w.org\/{rel}","templated":true}]}}