{"id":4121,"date":"2020-02-06T13:40:49","date_gmt":"2020-02-06T13:40:49","guid":{"rendered":"https:\/\/www.pedroandretta.info\/index\/?p=4121"},"modified":"2020-02-06T13:40:49","modified_gmt":"2020-02-06T13:40:49","slug":"maritaca-o-podcast-que-incentiva-leitura-infantil-o-maritaca-e-direcionado-ao","status":"publish","type":"post","link":"https:\/\/www.pedroandretta.info\/index\/2020\/02\/maritaca-o-podcast-que-incentiva-leitura-infantil-o-maritaca-e-direcionado-ao\/","title":{"rendered":"Maritaca, o podcast que incentiva leitura infantil |\u201dO Maritaca \u00e9 direcionado ao&#8230;"},"content":{"rendered":"<p>[ad_1]<br \/>\n<img data-recalc-dims=\"1\" decoding=\"async\" src=\"https:\/\/i0.wp.com\/www.pedroandretta.info\/index\/wp-content\/uploads\/2020\/02\/Maritaca-o-podcast-que-incentiva-leitura-infantil-%E2%80%9DO-Maritaca-e.jpg?w=696&#038;ssl=1\"\/><\/p>\n<blockquote class=\"twitter-tweet\">\n<p lang=\"pt\" dir=\"ltr\">Maritaca, o podcast que incentiva leitura infantil |\u201dO Maritaca \u00e9 direcionado ao p\u00fablico infantil, mas a presen\u00e7a dos pais \u00e9 fundamental, principalmente no in\u00edcio, para responder perguntas, ouvir e dialogar.\u201d (bacana pela conta\u00e7\u00e3o de hist\u00f3rias! \ud83d\ude09) <a target=\"_blank\" href=\"https:\/\/t.co\/rzUquOBgJq\" rel=\"noopener noreferrer\">https:\/\/t.co\/rzUquOBgJq<\/a><\/p>\n<p>&mdash; Pedro Andretta (@pedroisandretta) <a target=\"_blank\" href=\"https:\/\/twitter.com\/pedroisandretta\/status\/1225414042388488192?ref_src=twsrc%5Etfw\" rel=\"noopener noreferrer\">February 6, 2020<\/a><\/p><\/blockquote>\n<p><script async src=\"https:\/\/platform.twitter.com\/widgets.js\" charset=\"utf-8\"><\/script><\/p>\n<p>[ad_2]<br \/>\n<br \/><a href=\"https:\/\/twitter.com\/pedroisandretta\/statuses\/1225414042388488192\">Source<\/a> by <a href=\"https:\/\/t.co\/MfIsGWjH1p\">Pedro Andretta<\/a><\/p>\n","protected":false},"excerpt":{"rendered":"<p>[ad_1] Maritaca, o podcast que incentiva leitura infantil |\u201dO Maritaca \u00e9 direcionado ao p\u00fablico infantil, mas a presen\u00e7a dos pais \u00e9 fundamental, principalmente no in\u00edcio, para responder perguntas, ouvir e dialogar.\u201d (bacana pela conta\u00e7\u00e3o de hist\u00f3rias! \ud83d\ude09) https:\/\/t.co\/rzUquOBgJq &mdash; Pedro Andretta (@pedroisandretta) February 6, 2020 [ad_2] Source by Pedro Andretta<\/p>\n","protected":false},"author":1,"featured_media":4122,"comment_status":"open","ping_status":"open","sticky":false,"template":"","format":"standard","meta":{"_jetpack_memberships_contains_paid_content":false,"footnotes":"","jetpack_publicize_message":"","jetpack_publicize_feature_enabled":true,"jetpack_social_post_already_shared":true,"jetpack_social_options":{"image_generator_settings":{"template":"highway","default_image_id":0,"font":"","enabled":false},"version":2}},"categories":[21],"tags":[],"class_list":["post-4121","post","type-post","status-publish","format-standard","has-post-thumbnail","hentry","category-informeci"],"jetpack_publicize_connections":[],"jetpack_featured_media_url":"https:\/\/i0.wp.com\/www.pedroandretta.info\/index\/wp-content\/uploads\/2020\/02\/Maritaca-o-podcast-que-incentiva-leitura-infantil-%E2%80%9DO-Maritaca-%C3%A9.jpg?fit=626%2C417&ssl=1","views":"","jetpack_sharing_enabled":true,"_links":{"self":[{"href":"https:\/\/www.pedroandretta.info\/index\/wp-json\/wp\/v2\/posts\/4121","targetHints":{"allow":["GET"]}}],"collection":[{"href":"https:\/\/www.pedroandretta.info\/index\/wp-json\/wp\/v2\/posts"}],"about":[{"href":"https:\/\/www.pedroandretta.info\/index\/wp-json\/wp\/v2\/types\/post"}],"author":[{"embeddable":true,"href":"https:\/\/www.pedroandretta.info\/index\/wp-json\/wp\/v2\/users\/1"}],"replies":[{"embeddable":true,"href":"https:\/\/www.pedroandretta.info\/index\/wp-json\/wp\/v2\/comments?post=4121"}],"version-history":[{"count":0,"href":"https:\/\/www.pedroandretta.info\/index\/wp-json\/wp\/v2\/posts\/4121\/revisions"}],"wp:featuredmedia":[{"embeddable":true,"href":"https:\/\/www.pedroandretta.info\/index\/wp-json\/wp\/v2\/media\/4122"}],"wp:attachment":[{"href":"https:\/\/www.pedroandretta.info\/index\/wp-json\/wp\/v2\/media?parent=4121"}],"wp:term":[{"taxonomy":"category","embeddable":true,"href":"https:\/\/www.pedroandretta.info\/index\/wp-json\/wp\/v2\/categories?post=4121"},{"taxonomy":"post_tag","embeddable":true,"href":"https:\/\/www.pedroandretta.info\/index\/wp-json\/wp\/v2\/tags?post=4121"}],"curies":[{"name":"wp","href":"https:\/\/api.w.org\/{rel}","templated":true}]}}