{"id":4130,"date":"2020-02-07T00:07:36","date_gmt":"2020-02-07T00:07:36","guid":{"rendered":"https:\/\/www.pedroandretta.info\/index\/?p=4130"},"modified":"2020-02-07T00:07:36","modified_gmt":"2020-02-07T00:07:36","slug":"governo-de-ro-manda-recolher-macunaima-e-mais-42-livros-e-depois-recuaa-repo","status":"publish","type":"post","link":"https:\/\/www.pedroandretta.info\/index\/2020\/02\/governo-de-ro-manda-recolher-macunaima-e-mais-42-livros-e-depois-recuaa-repo\/","title":{"rendered":"Governo de RO manda recolher &#8216;Macuna\u00edma&#8217; e mais 42 livros e depois recua|\u201dA repo&#8230;"},"content":{"rendered":"<p>[ad_1]<br \/>\n<img data-recalc-dims=\"1\" decoding=\"async\" src=\"https:\/\/i0.wp.com\/www.pedroandretta.info\/index\/wp-content\/uploads\/2020\/02\/Governo-de-RO-manda-recolher-Macunaima-e-mais-42-livros.jpg?w=696&#038;ssl=1\"\/><\/p>\n<blockquote class=\"twitter-tweet\">\n<p lang=\"pt\" dir=\"ltr\">Governo de RO manda recolher &#39;Macuna\u00edma&#39; e mais 42 livros e depois recua|\u201dA reportagem confirmou que o memorando e a rela\u00e7\u00e3o de livros de Rond\u00f4nia s\u00e3o oficiais.[&#8230;]o processo ainda consta no sistema de processos da secretaria.\u201d <a target=\"_blank\" href=\"https:\/\/twitter.com\/hashtag\/censura?src=hash&amp;ref_src=twsrc%5Etfw\" rel=\"noopener noreferrer\">#censura<\/a> <a target=\"_blank\" href=\"https:\/\/twitter.com\/hashtag\/livros?src=hash&amp;ref_src=twsrc%5Etfw\" rel=\"noopener noreferrer\">#livros<\/a> <a target=\"_blank\" href=\"https:\/\/twitter.com\/hashtag\/educa%C3%A7%C3%A3o?src=hash&amp;ref_src=twsrc%5Etfw\" rel=\"noopener noreferrer\">#educa\u00e7\u00e3o<\/a>  <a target=\"_blank\" href=\"https:\/\/t.co\/3xJq2XkLhP\" rel=\"noopener noreferrer\">https:\/\/t.co\/3xJq2XkLhP<\/a><\/p>\n<p>&mdash; Pedro Andretta (@pedroisandretta) <a target=\"_blank\" href=\"https:\/\/twitter.com\/pedroisandretta\/status\/1225571779390902275?ref_src=twsrc%5Etfw\" rel=\"noopener noreferrer\">February 7, 2020<\/a><\/p><\/blockquote>\n<p><script async src=\"https:\/\/platform.twitter.com\/widgets.js\" charset=\"utf-8\"><\/script><\/p>\n<p>[ad_2]<br \/>\n<br \/><a href=\"https:\/\/twitter.com\/pedroisandretta\/statuses\/1225571779390902275\">Source<\/a> by <a href=\"https:\/\/t.co\/MfIsGWjH1p\">Pedro Andretta<\/a><\/p>\n","protected":false},"excerpt":{"rendered":"<p>[ad_1] Governo de RO manda recolher &#39;Macuna\u00edma&#39; e mais 42 livros e depois recua|\u201dA reportagem confirmou que o memorando e a rela\u00e7\u00e3o de livros de Rond\u00f4nia s\u00e3o oficiais.[&#8230;]o processo ainda consta no sistema de processos da secretaria.\u201d #censura #livros #educa\u00e7\u00e3o https:\/\/t.co\/3xJq2XkLhP &mdash; Pedro Andretta (@pedroisandretta) February 7, 2020 [ad_2] Source by Pedro Andretta<\/p>\n","protected":false},"author":1,"featured_media":4131,"comment_status":"open","ping_status":"open","sticky":false,"template":"","format":"standard","meta":{"_jetpack_memberships_contains_paid_content":false,"footnotes":"","jetpack_publicize_message":"","jetpack_publicize_feature_enabled":true,"jetpack_social_post_already_shared":true,"jetpack_social_options":{"image_generator_settings":{"template":"highway","default_image_id":0,"font":"","enabled":false},"version":2}},"categories":[21],"tags":[168,45,63],"class_list":["post-4130","post","type-post","status-publish","format-standard","has-post-thumbnail","hentry","category-informeci","tag-censura","tag-educacao","tag-livros"],"jetpack_publicize_connections":[],"jetpack_featured_media_url":"https:\/\/i0.wp.com\/www.pedroandretta.info\/index\/wp-content\/uploads\/2020\/02\/Governo-de-RO-manda-recolher-Macunaima-e-mais-42-livros.jpg?fit=1200%2C800&ssl=1","views":"","jetpack_sharing_enabled":true,"_links":{"self":[{"href":"https:\/\/www.pedroandretta.info\/index\/wp-json\/wp\/v2\/posts\/4130","targetHints":{"allow":["GET"]}}],"collection":[{"href":"https:\/\/www.pedroandretta.info\/index\/wp-json\/wp\/v2\/posts"}],"about":[{"href":"https:\/\/www.pedroandretta.info\/index\/wp-json\/wp\/v2\/types\/post"}],"author":[{"embeddable":true,"href":"https:\/\/www.pedroandretta.info\/index\/wp-json\/wp\/v2\/users\/1"}],"replies":[{"embeddable":true,"href":"https:\/\/www.pedroandretta.info\/index\/wp-json\/wp\/v2\/comments?post=4130"}],"version-history":[{"count":0,"href":"https:\/\/www.pedroandretta.info\/index\/wp-json\/wp\/v2\/posts\/4130\/revisions"}],"wp:featuredmedia":[{"embeddable":true,"href":"https:\/\/www.pedroandretta.info\/index\/wp-json\/wp\/v2\/media\/4131"}],"wp:attachment":[{"href":"https:\/\/www.pedroandretta.info\/index\/wp-json\/wp\/v2\/media?parent=4130"}],"wp:term":[{"taxonomy":"category","embeddable":true,"href":"https:\/\/www.pedroandretta.info\/index\/wp-json\/wp\/v2\/categories?post=4130"},{"taxonomy":"post_tag","embeddable":true,"href":"https:\/\/www.pedroandretta.info\/index\/wp-json\/wp\/v2\/tags?post=4130"}],"curies":[{"name":"wp","href":"https:\/\/api.w.org\/{rel}","templated":true}]}}