{"id":4134,"date":"2020-02-06T20:33:02","date_gmt":"2020-02-06T20:33:02","guid":{"rendered":"https:\/\/www.pedroandretta.info\/index\/?p=4134"},"modified":"2020-02-06T20:33:02","modified_gmt":"2020-02-06T20:33:02","slug":"oculos-com-cameras-leem-livros-para-cegos-na-biblioteca-publica-do-parana-s","status":"publish","type":"post","link":"https:\/\/www.pedroandretta.info\/index\/2020\/02\/oculos-com-cameras-leem-livros-para-cegos-na-biblioteca-publica-do-parana-s\/","title":{"rendered":"\u00d3culos com c\u00e2meras &#8220;leem&#8221; livros para cegos na Biblioteca P\u00fablica do Paran\u00e1 | \u201cS&#8230;"},"content":{"rendered":"<p>[ad_1]<br \/>\n<img data-recalc-dims=\"1\" decoding=\"async\" src=\"https:\/\/i0.wp.com\/www.pedroandretta.info\/index\/wp-content\/uploads\/2020\/02\/Oculos-com-cameras-leem-livros-para-cegos-na-Biblioteca-Publica.jpg?w=696&#038;ssl=1\"\/><\/p>\n<blockquote class=\"twitter-tweet\">\n<p lang=\"pt\" dir=\"ltr\">\u00d3culos com c\u00e2meras &quot;leem&quot; livros para cegos na Biblioteca P\u00fablica do Paran\u00e1 | \u201cS\u00e3o \u00f3culos especiais, com uma c\u00e2mera inteligente de vis\u00e3o artificial que l\u00ea os materiais e conta ao usu\u00e1rio, por meio de mini alto-falantes.\u201d. <a target=\"_blank\" href=\"https:\/\/twitter.com\/hashtag\/BibliotecaP%C3%BAblicadoParan%C3%A1?src=hash&amp;ref_src=twsrc%5Etfw\" rel=\"noopener noreferrer\">#BibliotecaP\u00fablicadoParan\u00e1<\/a> \ud83d\udc98 <a target=\"_blank\" href=\"https:\/\/t.co\/CjRWtnhgZh\" rel=\"noopener noreferrer\">https:\/\/t.co\/CjRWtnhgZh<\/a><\/p>\n<p>&mdash; Pedro Andretta (@pedroisandretta) <a target=\"_blank\" href=\"https:\/\/twitter.com\/pedroisandretta\/status\/1225517779857674240?ref_src=twsrc%5Etfw\" rel=\"noopener noreferrer\">February 6, 2020<\/a><\/p><\/blockquote>\n<p><script async src=\"https:\/\/platform.twitter.com\/widgets.js\" charset=\"utf-8\"><\/script><\/p>\n<p>[ad_2]<br \/>\n<br \/><a href=\"https:\/\/twitter.com\/pedroisandretta\/statuses\/1225517779857674240\">Source<\/a> by <a href=\"https:\/\/t.co\/MfIsGWjH1p\">Pedro Andretta<\/a><\/p>\n","protected":false},"excerpt":{"rendered":"<p>[ad_1] \u00d3culos com c\u00e2meras &quot;leem&quot; livros para cegos na Biblioteca P\u00fablica do Paran\u00e1 | \u201cS\u00e3o \u00f3culos especiais, com uma c\u00e2mera inteligente de vis\u00e3o artificial que l\u00ea os materiais e conta ao usu\u00e1rio, por meio de mini alto-falantes.\u201d. #BibliotecaP\u00fablicadoParan\u00e1 \ud83d\udc98 https:\/\/t.co\/CjRWtnhgZh &mdash; Pedro Andretta (@pedroisandretta) February 6, 2020 [ad_2] Source by Pedro Andretta<\/p>\n","protected":false},"author":1,"featured_media":4135,"comment_status":"open","ping_status":"open","sticky":false,"template":"","format":"standard","meta":{"_jetpack_memberships_contains_paid_content":false,"footnotes":"","jetpack_publicize_message":"","jetpack_publicize_feature_enabled":true,"jetpack_social_post_already_shared":true,"jetpack_social_options":{"image_generator_settings":{"template":"highway","default_image_id":0,"font":"","enabled":false},"version":2}},"categories":[21],"tags":[470],"class_list":["post-4134","post","type-post","status-publish","format-standard","has-post-thumbnail","hentry","category-informeci","tag-bibliotecapublicadoparana"],"jetpack_publicize_connections":[],"jetpack_featured_media_url":"https:\/\/i0.wp.com\/www.pedroandretta.info\/index\/wp-content\/uploads\/2020\/02\/Oculos-com-cameras-leem-livros-para-cegos-na-Biblioteca-Publica.jpg?fit=960%2C960&ssl=1","views":"","jetpack_sharing_enabled":true,"_links":{"self":[{"href":"https:\/\/www.pedroandretta.info\/index\/wp-json\/wp\/v2\/posts\/4134","targetHints":{"allow":["GET"]}}],"collection":[{"href":"https:\/\/www.pedroandretta.info\/index\/wp-json\/wp\/v2\/posts"}],"about":[{"href":"https:\/\/www.pedroandretta.info\/index\/wp-json\/wp\/v2\/types\/post"}],"author":[{"embeddable":true,"href":"https:\/\/www.pedroandretta.info\/index\/wp-json\/wp\/v2\/users\/1"}],"replies":[{"embeddable":true,"href":"https:\/\/www.pedroandretta.info\/index\/wp-json\/wp\/v2\/comments?post=4134"}],"version-history":[{"count":0,"href":"https:\/\/www.pedroandretta.info\/index\/wp-json\/wp\/v2\/posts\/4134\/revisions"}],"wp:featuredmedia":[{"embeddable":true,"href":"https:\/\/www.pedroandretta.info\/index\/wp-json\/wp\/v2\/media\/4135"}],"wp:attachment":[{"href":"https:\/\/www.pedroandretta.info\/index\/wp-json\/wp\/v2\/media?parent=4134"}],"wp:term":[{"taxonomy":"category","embeddable":true,"href":"https:\/\/www.pedroandretta.info\/index\/wp-json\/wp\/v2\/categories?post=4134"},{"taxonomy":"post_tag","embeddable":true,"href":"https:\/\/www.pedroandretta.info\/index\/wp-json\/wp\/v2\/tags?post=4134"}],"curies":[{"name":"wp","href":"https:\/\/api.w.org\/{rel}","templated":true}]}}