{"id":4156,"date":"2020-02-09T06:58:26","date_gmt":"2020-02-09T06:58:26","guid":{"rendered":"https:\/\/www.pedroandretta.info\/index\/?p=4156"},"modified":"2020-02-09T06:58:26","modified_gmt":"2020-02-09T06:58:26","slug":"os-espacos-ofertados-como-servico-bibliotecario-os-casos-das-bibliotecasuniver","status":"publish","type":"post","link":"https:\/\/www.pedroandretta.info\/index\/2020\/02\/os-espacos-ofertados-como-servico-bibliotecario-os-casos-das-bibliotecasuniver\/","title":{"rendered":"Os espa\u00e7os ofertados como servi\u00e7o bibliotec\u00e1rio: os casos das #bibliotecasuniver&#8230;"},"content":{"rendered":"<p>[ad_1]<\/p>\n<blockquote class=\"twitter-tweet\">\n<p lang=\"pt\" dir=\"ltr\">Os espa\u00e7os ofertados como servi\u00e7o bibliotec\u00e1rio: os casos das <a target=\"_blank\" href=\"https:\/\/twitter.com\/hashtag\/bibliotecasuniversit%C3%A1rias?src=hash&amp;ref_src=twsrc%5Etfw\" rel=\"noopener noreferrer\">#bibliotecasuniversit\u00e1rias<\/a> de Madri e Catalunha |Conhe\u00e7a o modelo de espa\u00e7os de aprendizagem de Choy e Goh (2016) [Espa\u00e7os de  colabora\u00e7\u00e3o,<br \/>sil\u00eancio, intera\u00e7\u00e3o e comunit\u00e1rios] <a target=\"_blank\" href=\"https:\/\/twitter.com\/hashtag\/Bibliotecas?src=hash&amp;ref_src=twsrc%5Etfw\" rel=\"noopener noreferrer\">#Bibliotecas<\/a> Ver <a target=\"_blank\" href=\"https:\/\/t.co\/N6SdOsHfVE\" rel=\"noopener noreferrer\">https:\/\/t.co\/N6SdOsHfVE<\/a> <a target=\"_blank\" href=\"https:\/\/t.co\/f0t5Ha8FLR\" rel=\"noopener noreferrer\">pic.twitter.com\/f0t5Ha8FLR<\/a><\/p>\n<p>&mdash; Pedro Andretta (@pedroisandretta) <a target=\"_blank\" href=\"https:\/\/twitter.com\/pedroisandretta\/status\/1226399942035623937?ref_src=twsrc%5Etfw\" rel=\"noopener noreferrer\">February 9, 2020<\/a><\/p><\/blockquote>\n<p><script async src=\"https:\/\/platform.twitter.com\/widgets.js\" charset=\"utf-8\"><\/script><\/p>\n<p>[ad_2]<br \/>\n<br \/><a href=\"https:\/\/twitter.com\/pedroisandretta\/statuses\/1226399942035623937\">Source<\/a> by <a href=\"https:\/\/t.co\/MfIsGWjH1p\">Pedro Andretta<\/a><\/p>\n","protected":false},"excerpt":{"rendered":"<p>[ad_1] Os espa\u00e7os ofertados como servi\u00e7o bibliotec\u00e1rio: os casos das #bibliotecasuniversit\u00e1rias de Madri e Catalunha |Conhe\u00e7a o modelo de espa\u00e7os de aprendizagem de Choy e Goh (2016) [Espa\u00e7os de colabora\u00e7\u00e3o,sil\u00eancio, intera\u00e7\u00e3o e comunit\u00e1rios] #Bibliotecas Ver https:\/\/t.co\/N6SdOsHfVE pic.twitter.com\/f0t5Ha8FLR &mdash; Pedro Andretta (@pedroisandretta) February 9, 2020 [ad_2] Source by Pedro Andretta<\/p>\n","protected":false},"author":1,"featured_media":4157,"comment_status":"open","ping_status":"open","sticky":false,"template":"","format":"standard","meta":{"_jetpack_newsletter_access":"","_jetpack_dont_email_post_to_subs":false,"_jetpack_newsletter_tier_id":0,"_jetpack_memberships_contains_paywalled_content":false,"_jetpack_feature_clip_id":0,"_jetpack_memberships_contains_paid_content":false,"footnotes":"","jetpack_publicize_message":"","jetpack_publicize_feature_enabled":true,"jetpack_social_post_already_shared":true,"jetpack_social_options":{"image_generator_settings":{"template":"highway","default_image_id":0,"font":"","enabled":false},"version":2},"jetpack_post_was_ever_published":false},"categories":[21],"tags":[38,114],"class_list":["post-4156","post","type-post","status-publish","format-standard","has-post-thumbnail","hentry","category-informeci","tag-bibliotecas","tag-bibliotecasuniversitarias"],"jetpack_publicize_connections":[],"jetpack_featured_media_url":"https:\/\/i0.wp.com\/www.pedroandretta.info\/index\/wp-content\/uploads\/2020\/02\/Os-espa%C3%A7os-ofertados-como-servi%C3%A7o-bibliotec%C3%A1rio-os-casos-das-bibliotecasuniver.jpg?fit=520%2C748&ssl=1","views":"","jetpack_sharing_enabled":true,"_links":{"self":[{"href":"https:\/\/www.pedroandretta.info\/index\/wp-json\/wp\/v2\/posts\/4156","targetHints":{"allow":["GET"]}}],"collection":[{"href":"https:\/\/www.pedroandretta.info\/index\/wp-json\/wp\/v2\/posts"}],"about":[{"href":"https:\/\/www.pedroandretta.info\/index\/wp-json\/wp\/v2\/types\/post"}],"author":[{"embeddable":true,"href":"https:\/\/www.pedroandretta.info\/index\/wp-json\/wp\/v2\/users\/1"}],"replies":[{"embeddable":true,"href":"https:\/\/www.pedroandretta.info\/index\/wp-json\/wp\/v2\/comments?post=4156"}],"version-history":[{"count":0,"href":"https:\/\/www.pedroandretta.info\/index\/wp-json\/wp\/v2\/posts\/4156\/revisions"}],"wp:featuredmedia":[{"embeddable":true,"href":"https:\/\/www.pedroandretta.info\/index\/wp-json\/wp\/v2\/media\/4157"}],"wp:attachment":[{"href":"https:\/\/www.pedroandretta.info\/index\/wp-json\/wp\/v2\/media?parent=4156"}],"wp:term":[{"taxonomy":"category","embeddable":true,"href":"https:\/\/www.pedroandretta.info\/index\/wp-json\/wp\/v2\/categories?post=4156"},{"taxonomy":"post_tag","embeddable":true,"href":"https:\/\/www.pedroandretta.info\/index\/wp-json\/wp\/v2\/tags?post=4156"}],"curies":[{"name":"wp","href":"https:\/\/api.w.org\/{rel}","templated":true}]}}