{"id":4158,"date":"2020-02-09T07:18:05","date_gmt":"2020-02-09T07:18:05","guid":{"rendered":"https:\/\/www.pedroandretta.info\/index\/?p=4158"},"modified":"2020-02-09T07:18:05","modified_gmt":"2020-02-09T07:18:05","slug":"museu-nacional-do-rio-teme-nao-ter-dinheiro-para-reabrir-em-2022-os-valores-qu","status":"publish","type":"post","link":"https:\/\/www.pedroandretta.info\/index\/2020\/02\/museu-nacional-do-rio-teme-nao-ter-dinheiro-para-reabrir-em-2022-os-valores-qu\/","title":{"rendered":"Museu Nacional do Rio teme n\u00e3o ter dinheiro para reabrir em 2022 |\u201dOs valores qu&#8230;"},"content":{"rendered":"<p>[ad_1]<br \/>\n<img data-recalc-dims=\"1\" decoding=\"async\" src=\"https:\/\/i0.wp.com\/www.pedroandretta.info\/index\/wp-content\/uploads\/2020\/02\/Museu-Nacional-do-Rio-teme-nao-ter-dinheiro-para-reabrir.jpg?w=696&#038;ssl=1\"\/><\/p>\n<blockquote class=\"twitter-tweet\">\n<p lang=\"pt\" dir=\"ltr\">Museu Nacional do Rio teme n\u00e3o ter dinheiro para reabrir em 2022 |\u201dOs valores que a institui\u00e7\u00e3o recebeu desde a trag\u00e9dia [&#8230;], somam cerca de R$102 milh\u00f5es. O custo estimado exclusivamente para a reconstru\u00e7\u00e3o do pal\u00e1cio \u00e9 de R$300 milh\u00f5es\u201d <a target=\"_blank\" href=\"https:\/\/twitter.com\/hashtag\/MuseuNacional?src=hash&amp;ref_src=twsrc%5Etfw\" rel=\"noopener noreferrer\">#MuseuNacional<\/a>  <a target=\"_blank\" href=\"https:\/\/t.co\/hwYwMWkcud\" rel=\"noopener noreferrer\">https:\/\/t.co\/hwYwMWkcud<\/a><\/p>\n<p>&mdash; Pedro Andretta (@pedroisandretta) <a target=\"_blank\" href=\"https:\/\/twitter.com\/pedroisandretta\/status\/1226404889737207808?ref_src=twsrc%5Etfw\" rel=\"noopener noreferrer\">February 9, 2020<\/a><\/p><\/blockquote>\n<p><script async src=\"https:\/\/platform.twitter.com\/widgets.js\" charset=\"utf-8\"><\/script><\/p>\n<p>[ad_2]<br \/>\n<br \/><a href=\"https:\/\/twitter.com\/pedroisandretta\/statuses\/1226404889737207808\">Source<\/a> by <a href=\"https:\/\/t.co\/MfIsGWjH1p\">Pedro Andretta<\/a><\/p>\n","protected":false},"excerpt":{"rendered":"<p>[ad_1] Museu Nacional do Rio teme n\u00e3o ter dinheiro para reabrir em 2022 |\u201dOs valores que a institui\u00e7\u00e3o recebeu desde a trag\u00e9dia [&#8230;], somam cerca de R$102 milh\u00f5es. O custo estimado exclusivamente para a reconstru\u00e7\u00e3o do pal\u00e1cio \u00e9 de R$300 milh\u00f5es\u201d #MuseuNacional https:\/\/t.co\/hwYwMWkcud &mdash; Pedro Andretta (@pedroisandretta) February 9, 2020 [ad_2] Source by Pedro Andretta<\/p>\n","protected":false},"author":1,"featured_media":4159,"comment_status":"open","ping_status":"open","sticky":false,"template":"","format":"standard","meta":{"_jetpack_newsletter_access":"","_jetpack_dont_email_post_to_subs":false,"_jetpack_newsletter_tier_id":0,"_jetpack_memberships_contains_paywalled_content":false,"_jetpack_feature_clip_id":0,"_jetpack_memberships_contains_paid_content":false,"footnotes":"","jetpack_publicize_message":"","jetpack_publicize_feature_enabled":true,"jetpack_social_post_already_shared":true,"jetpack_social_options":{"image_generator_settings":{"template":"highway","default_image_id":0,"font":"","enabled":false},"version":2},"jetpack_post_was_ever_published":false},"categories":[21],"tags":[473],"class_list":["post-4158","post","type-post","status-publish","format-standard","has-post-thumbnail","hentry","category-informeci","tag-museunacional"],"jetpack_publicize_connections":[],"jetpack_featured_media_url":"https:\/\/i0.wp.com\/www.pedroandretta.info\/index\/wp-content\/uploads\/2020\/02\/Museu-Nacional-do-Rio-teme-nao-ter-dinheiro-para-reabrir.jpg?fit=2400%2C1600&ssl=1","views":"","jetpack_sharing_enabled":true,"_links":{"self":[{"href":"https:\/\/www.pedroandretta.info\/index\/wp-json\/wp\/v2\/posts\/4158","targetHints":{"allow":["GET"]}}],"collection":[{"href":"https:\/\/www.pedroandretta.info\/index\/wp-json\/wp\/v2\/posts"}],"about":[{"href":"https:\/\/www.pedroandretta.info\/index\/wp-json\/wp\/v2\/types\/post"}],"author":[{"embeddable":true,"href":"https:\/\/www.pedroandretta.info\/index\/wp-json\/wp\/v2\/users\/1"}],"replies":[{"embeddable":true,"href":"https:\/\/www.pedroandretta.info\/index\/wp-json\/wp\/v2\/comments?post=4158"}],"version-history":[{"count":0,"href":"https:\/\/www.pedroandretta.info\/index\/wp-json\/wp\/v2\/posts\/4158\/revisions"}],"wp:featuredmedia":[{"embeddable":true,"href":"https:\/\/www.pedroandretta.info\/index\/wp-json\/wp\/v2\/media\/4159"}],"wp:attachment":[{"href":"https:\/\/www.pedroandretta.info\/index\/wp-json\/wp\/v2\/media?parent=4158"}],"wp:term":[{"taxonomy":"category","embeddable":true,"href":"https:\/\/www.pedroandretta.info\/index\/wp-json\/wp\/v2\/categories?post=4158"},{"taxonomy":"post_tag","embeddable":true,"href":"https:\/\/www.pedroandretta.info\/index\/wp-json\/wp\/v2\/tags?post=4158"}],"curies":[{"name":"wp","href":"https:\/\/api.w.org\/{rel}","templated":true}]}}