{"id":4201,"date":"2020-02-12T14:56:04","date_gmt":"2020-02-12T14:56:04","guid":{"rendered":"https:\/\/www.pedroandretta.info\/index\/?p=4201"},"modified":"2020-02-12T14:56:04","modified_gmt":"2020-02-12T14:56:04","slug":"quem-sabe-esta-sempre-a-frente-o-dia-da-internet-mais-segura-e-sempre-motivo-p","status":"publish","type":"post","link":"https:\/\/www.pedroandretta.info\/index\/2020\/02\/quem-sabe-esta-sempre-a-frente-o-dia-da-internet-mais-segura-e-sempre-motivo-p\/","title":{"rendered":"Quem sabe est\u00e1 sempre \u00e0 frente| \u201cO Dia da Internet Mais Segura \u00e9 sempre motivo p&#8230;"},"content":{"rendered":"<p>[ad_1]<br \/>\n<img data-recalc-dims=\"1\" decoding=\"async\" src=\"https:\/\/i0.wp.com\/c5.quickcachr.fotos.sapo.pt\/i\/B1617af3d\/21688172_SFkWs.jpeg?w=696&#038;ssl=1\"\/><\/p>\n<blockquote class=\"twitter-tweet\">\n<p lang=\"pt\" dir=\"ltr\">Quem sabe est\u00e1 sempre \u00e0 frente| \u201cO Dia da Internet Mais Segura \u00e9 sempre motivo para a realiza\u00e7\u00e3o de a\u00e7\u00f5es de sensibiliza\u00e7\u00e3o sobre os chamados &quot;perigos&quot; da Internet. Este foi tamb\u00e9m o mote para [&#8230;] <a target=\"_blank\" href=\"https:\/\/twitter.com\/hashtag\/bibliotecaescolar?src=hash&amp;ref_src=twsrc%5Etfw\" rel=\"noopener noreferrer\">#bibliotecaescolar<\/a> .\u201d via Biblio Tubers <a target=\"_blank\" href=\"https:\/\/t.co\/l6XogAvqY8\" rel=\"noopener noreferrer\">https:\/\/t.co\/l6XogAvqY8<\/a><\/p>\n<p>&mdash; Pedro Andretta (@pedroisandretta) <a target=\"_blank\" href=\"https:\/\/twitter.com\/pedroisandretta\/status\/1227607306873049088?ref_src=twsrc%5Etfw\" rel=\"noopener noreferrer\">February 12, 2020<\/a><\/p><\/blockquote>\n<p><script async src=\"https:\/\/platform.twitter.com\/widgets.js\" charset=\"utf-8\"><\/script><\/p>\n<p>[ad_2]<br \/>\n<br \/><a href=\"https:\/\/twitter.com\/pedroisandretta\/statuses\/1227607306873049088\">Source<\/a> by <a href=\"https:\/\/t.co\/MfIsGWjH1p\">Pedro Andretta<\/a><\/p>\n","protected":false},"excerpt":{"rendered":"<p>[ad_1] Quem sabe est\u00e1 sempre \u00e0 frente| \u201cO Dia da Internet Mais Segura \u00e9 sempre motivo para a realiza\u00e7\u00e3o de a\u00e7\u00f5es de sensibiliza\u00e7\u00e3o sobre os chamados &quot;perigos&quot; da Internet. Este foi tamb\u00e9m o mote para [&#8230;] #bibliotecaescolar .\u201d via Biblio Tubers https:\/\/t.co\/l6XogAvqY8 &mdash; Pedro Andretta (@pedroisandretta) February 12, 2020 [ad_2] Source by Pedro Andretta<\/p>\n","protected":false},"author":1,"featured_media":4202,"comment_status":"open","ping_status":"open","sticky":false,"template":"","format":"standard","meta":{"_jetpack_memberships_contains_paid_content":false,"footnotes":"","jetpack_publicize_message":"","jetpack_publicize_feature_enabled":true,"jetpack_social_post_already_shared":true,"jetpack_social_options":{"image_generator_settings":{"template":"highway","default_image_id":0,"font":"","enabled":false},"version":2}},"categories":[21],"tags":[79],"class_list":["post-4201","post","type-post","status-publish","format-standard","has-post-thumbnail","hentry","category-informeci","tag-bibliotecasescolares"],"jetpack_publicize_connections":[],"jetpack_featured_media_url":"https:\/\/i0.wp.com\/www.pedroandretta.info\/index\/wp-content\/uploads\/2020\/02\/Quem-sabe-est%C3%A1-sempre-%C3%A0-frente-%E2%80%9CO-Dia-da-Internet.jpeg?fit=960%2C614&ssl=1","views":"","jetpack_sharing_enabled":true,"_links":{"self":[{"href":"https:\/\/www.pedroandretta.info\/index\/wp-json\/wp\/v2\/posts\/4201","targetHints":{"allow":["GET"]}}],"collection":[{"href":"https:\/\/www.pedroandretta.info\/index\/wp-json\/wp\/v2\/posts"}],"about":[{"href":"https:\/\/www.pedroandretta.info\/index\/wp-json\/wp\/v2\/types\/post"}],"author":[{"embeddable":true,"href":"https:\/\/www.pedroandretta.info\/index\/wp-json\/wp\/v2\/users\/1"}],"replies":[{"embeddable":true,"href":"https:\/\/www.pedroandretta.info\/index\/wp-json\/wp\/v2\/comments?post=4201"}],"version-history":[{"count":0,"href":"https:\/\/www.pedroandretta.info\/index\/wp-json\/wp\/v2\/posts\/4201\/revisions"}],"wp:featuredmedia":[{"embeddable":true,"href":"https:\/\/www.pedroandretta.info\/index\/wp-json\/wp\/v2\/media\/4202"}],"wp:attachment":[{"href":"https:\/\/www.pedroandretta.info\/index\/wp-json\/wp\/v2\/media?parent=4201"}],"wp:term":[{"taxonomy":"category","embeddable":true,"href":"https:\/\/www.pedroandretta.info\/index\/wp-json\/wp\/v2\/categories?post=4201"},{"taxonomy":"post_tag","embeddable":true,"href":"https:\/\/www.pedroandretta.info\/index\/wp-json\/wp\/v2\/tags?post=4201"}],"curies":[{"name":"wp","href":"https:\/\/api.w.org\/{rel}","templated":true}]}}