{"id":4204,"date":"2020-02-12T22:10:03","date_gmt":"2020-02-12T22:10:03","guid":{"rendered":"https:\/\/www.pedroandretta.info\/index\/?p=4204"},"modified":"2020-02-12T22:10:03","modified_gmt":"2020-02-12T22:10:03","slug":"ibict-retoma-o-direito-da-licenca-da-cdu-no-pais-entre-os-proximos-passos-do-i","status":"publish","type":"post","link":"https:\/\/www.pedroandretta.info\/index\/2020\/02\/ibict-retoma-o-direito-da-licenca-da-cdu-no-pais-entre-os-proximos-passos-do-i\/","title":{"rendered":"IBICT retoma o direito da licen\u00e7a da CDU no pa\u00eds |\u201dEntre os pr\u00f3ximos passos do I&#8230;"},"content":{"rendered":"<p>[ad_1]<br \/>\n<img data-recalc-dims=\"1\" decoding=\"async\" src=\"https:\/\/i0.wp.com\/www.pedroandretta.info\/index\/wp-content\/uploads\/2020\/02\/IBICT-retoma-o-direito-da-licenca-da-CDU-no-pais.jpg?w=696&#038;ssl=1\"\/><\/p>\n<blockquote class=\"twitter-tweet\">\n<p lang=\"pt\" dir=\"ltr\">IBICT retoma o direito da licen\u00e7a da CDU no pa\u00eds |\u201dEntre os pr\u00f3ximos passos do Ibict em rela\u00e7\u00e3o \u00e0 CDU est\u00e3o a atualiza\u00e7\u00e3o da base, a tradu\u00e7\u00e3o das classifica\u00e7\u00f5es e o lan\u00e7amento da nova edi\u00e7\u00e3o, previsto para 2020.\u201d <a target=\"_blank\" href=\"https:\/\/twitter.com\/hashtag\/classifica%C3%A7%C3%A3o?src=hash&amp;ref_src=twsrc%5Etfw\" rel=\"noopener noreferrer\">#classifica\u00e7\u00e3o<\/a> <a target=\"_blank\" href=\"https:\/\/twitter.com\/hashtag\/CDU?src=hash&amp;ref_src=twsrc%5Etfw\" rel=\"noopener noreferrer\">#CDU<\/a>  <a target=\"_blank\" href=\"https:\/\/t.co\/LTgqgL0Sbl\" rel=\"noopener noreferrer\">https:\/\/t.co\/LTgqgL0Sbl<\/a><\/p>\n<p>&mdash; Pedro Andretta (@pedroisandretta) <a target=\"_blank\" href=\"https:\/\/twitter.com\/pedroisandretta\/status\/1227716524229746688?ref_src=twsrc%5Etfw\" rel=\"noopener noreferrer\">February 12, 2020<\/a><\/p><\/blockquote>\n<p><script async src=\"https:\/\/platform.twitter.com\/widgets.js\" charset=\"utf-8\"><\/script><\/p>\n<p>[ad_2]<br \/>\n<br \/><a href=\"https:\/\/twitter.com\/pedroisandretta\/statuses\/1227716524229746688\">Source<\/a> by <a href=\"https:\/\/t.co\/MfIsGWjH1p\">Pedro Andretta<\/a><\/p>\n","protected":false},"excerpt":{"rendered":"<p>[ad_1] IBICT retoma o direito da licen\u00e7a da CDU no pa\u00eds |\u201dEntre os pr\u00f3ximos passos do Ibict em rela\u00e7\u00e3o \u00e0 CDU est\u00e3o a atualiza\u00e7\u00e3o da base, a tradu\u00e7\u00e3o das classifica\u00e7\u00f5es e o lan\u00e7amento da nova edi\u00e7\u00e3o, previsto para 2020.\u201d #classifica\u00e7\u00e3o #CDU https:\/\/t.co\/LTgqgL0Sbl &mdash; Pedro Andretta (@pedroisandretta) February 12, 2020 [ad_2] Source by Pedro Andretta<\/p>\n","protected":false},"author":1,"featured_media":4205,"comment_status":"open","ping_status":"open","sticky":false,"template":"","format":"standard","meta":{"_jetpack_memberships_contains_paid_content":false,"footnotes":"","jetpack_publicize_message":"","jetpack_publicize_feature_enabled":true,"jetpack_social_post_already_shared":true,"jetpack_social_options":{"image_generator_settings":{"template":"highway","default_image_id":0,"font":"","enabled":false},"version":2}},"categories":[21],"tags":[485,108],"class_list":["post-4204","post","type-post","status-publish","format-standard","has-post-thumbnail","hentry","category-informeci","tag-cdu","tag-classificacao"],"jetpack_publicize_connections":[],"jetpack_featured_media_url":"https:\/\/i0.wp.com\/www.pedroandretta.info\/index\/wp-content\/uploads\/2020\/02\/IBICT-retoma-o-direito-da-licenca-da-CDU-no-pais.jpg?fit=400%2C269&ssl=1","views":"","jetpack_sharing_enabled":true,"_links":{"self":[{"href":"https:\/\/www.pedroandretta.info\/index\/wp-json\/wp\/v2\/posts\/4204","targetHints":{"allow":["GET"]}}],"collection":[{"href":"https:\/\/www.pedroandretta.info\/index\/wp-json\/wp\/v2\/posts"}],"about":[{"href":"https:\/\/www.pedroandretta.info\/index\/wp-json\/wp\/v2\/types\/post"}],"author":[{"embeddable":true,"href":"https:\/\/www.pedroandretta.info\/index\/wp-json\/wp\/v2\/users\/1"}],"replies":[{"embeddable":true,"href":"https:\/\/www.pedroandretta.info\/index\/wp-json\/wp\/v2\/comments?post=4204"}],"version-history":[{"count":0,"href":"https:\/\/www.pedroandretta.info\/index\/wp-json\/wp\/v2\/posts\/4204\/revisions"}],"wp:featuredmedia":[{"embeddable":true,"href":"https:\/\/www.pedroandretta.info\/index\/wp-json\/wp\/v2\/media\/4205"}],"wp:attachment":[{"href":"https:\/\/www.pedroandretta.info\/index\/wp-json\/wp\/v2\/media?parent=4204"}],"wp:term":[{"taxonomy":"category","embeddable":true,"href":"https:\/\/www.pedroandretta.info\/index\/wp-json\/wp\/v2\/categories?post=4204"},{"taxonomy":"post_tag","embeddable":true,"href":"https:\/\/www.pedroandretta.info\/index\/wp-json\/wp\/v2\/tags?post=4204"}],"curies":[{"name":"wp","href":"https:\/\/api.w.org\/{rel}","templated":true}]}}