{"id":4209,"date":"2020-02-12T22:41:07","date_gmt":"2020-02-12T22:41:07","guid":{"rendered":"https:\/\/www.pedroandretta.info\/index\/?p=4209"},"modified":"2020-11-02T19:09:29","modified_gmt":"2020-11-02T23:09:29","slug":"tj-sp-anula-lei-estadual-que-previa-remicao-da-pena-pela-leituranao-se-esta-a","status":"publish","type":"post","link":"https:\/\/www.pedroandretta.info\/index\/2020\/02\/tj-sp-anula-lei-estadual-que-previa-remicao-da-pena-pela-leituranao-se-esta-a\/","title":{"rendered":"TJ-SP anula lei estadual que previa remi\u00e7\u00e3o da pena pela leitura|&#8221;N\u00e3o se est\u00e1 a &#8230;"},"content":{"rendered":"<p>[ad_1]<br \/>\n<img data-recalc-dims=\"1\" decoding=\"async\" src=\"https:\/\/i0.wp.com\/www.pedroandretta.info\/index\/wp-content\/uploads\/2020\/02\/TJ-SP-anula-lei-estadual-que-previa-remicao-da-pena-pela.jpeg?w=696&#038;ssl=1\" \/><\/p>\n<blockquote class=\"twitter-tweet\">\n<p dir=\"ltr\" lang=\"pt\">TJ-SP anula lei estadual que previa remi\u00e7\u00e3o da pena pela leitura|&#8221;N\u00e3o se est\u00e1 a criticar o instituto da remi\u00e7\u00e3o da pena pela <a href=\"https:\/\/twitter.com\/hashtag\/leitura?src=hash&amp;ref_src=twsrc%5Etfw\" target=\"_blank\" rel=\"noopener noreferrer\">#leitura<\/a> , mas a discutir se o ente federativo (Estado) poderia (ou n\u00e3o) cri\u00e1-lo e regulament\u00e1-lo, por ve\u00edculo legislativo pr\u00f3prio.\u201c <a href=\"https:\/\/twitter.com\/hashtag\/remi%C3%A7%C3%A3odapena?src=hash&amp;ref_src=twsrc%5Etfw\" target=\"_blank\" rel=\"noopener noreferrer\">#Remi\u00e7\u00e3oPelaLeitura<\/a>\u00a0 <a href=\"https:\/\/t.co\/0QzAttRgCX\" target=\"_blank\" rel=\"noopener noreferrer\">https:\/\/t.co\/0QzAttRgCX<\/a><\/p>\n<p>\u2014 Pedro Andretta (@pedroisandretta) <a href=\"https:\/\/twitter.com\/pedroisandretta\/status\/1227724342341009408?ref_src=twsrc%5Etfw\" target=\"_blank\" rel=\"noopener noreferrer\">February 12, 2020<\/a><\/p><\/blockquote>\n<p><script async=\"\" src=\"https:\/\/platform.twitter.com\/widgets.js\" charset=\"utf-8\"><\/script><\/p>\n<p>[ad_2]<\/p>\n<p><a href=\"https:\/\/twitter.com\/pedroisandretta\/statuses\/1227724342341009408\">Source<\/a> by <a href=\"https:\/\/t.co\/MfIsGWjH1p\">Pedro Andretta<\/a><\/p>\n","protected":false},"excerpt":{"rendered":"<p>[ad_1] TJ-SP anula lei estadual que previa remi\u00e7\u00e3o da pena pela leitura|&#8221;N\u00e3o se est\u00e1 a criticar o instituto da remi\u00e7\u00e3o da pena pela #leitura , mas a discutir se o ente federativo (Estado) poderia (ou n\u00e3o) cri\u00e1-lo e regulament\u00e1-lo, por ve\u00edculo legislativo pr\u00f3prio.\u201c #Remi\u00e7\u00e3oPelaLeitura\u00a0 https:\/\/t.co\/0QzAttRgCX \u2014 Pedro Andretta (@pedroisandretta) February 12, 2020 [ad_2] Source by<\/p><\/div>\n<div class=\"blog-btn\"><a href=\"https:\/\/www.pedroandretta.info\/index\/2020\/02\/tj-sp-anula-lei-estadual-que-previa-remicao-da-pena-pela-leituranao-se-esta-a\/\" class=\"home-blog-btn\">Ler mais<\/a><\/p>\n","protected":false},"author":1,"featured_media":4210,"comment_status":"open","ping_status":"open","sticky":false,"template":"","format":"standard","meta":{"_jetpack_memberships_contains_paid_content":false,"footnotes":"","jetpack_publicize_message":"","jetpack_publicize_feature_enabled":true,"jetpack_social_post_already_shared":true,"jetpack_social_options":{"image_generator_settings":{"template":"highway","default_image_id":0,"font":"","enabled":false},"version":2}},"categories":[21],"tags":[157,1550],"class_list":["post-4209","post","type-post","status-publish","format-standard","has-post-thumbnail","hentry","category-informeci","tag-leitura","tag-remicaopelaleitura"],"jetpack_publicize_connections":[],"jetpack_featured_media_url":"https:\/\/i0.wp.com\/www.pedroandretta.info\/index\/wp-content\/uploads\/2020\/02\/TJ-SP-anula-lei-estadual-que-previa-remicao-da-pena-pela.jpeg?fit=300%2C220&ssl=1","views":"","jetpack_sharing_enabled":true,"_links":{"self":[{"href":"https:\/\/www.pedroandretta.info\/index\/wp-json\/wp\/v2\/posts\/4209","targetHints":{"allow":["GET"]}}],"collection":[{"href":"https:\/\/www.pedroandretta.info\/index\/wp-json\/wp\/v2\/posts"}],"about":[{"href":"https:\/\/www.pedroandretta.info\/index\/wp-json\/wp\/v2\/types\/post"}],"author":[{"embeddable":true,"href":"https:\/\/www.pedroandretta.info\/index\/wp-json\/wp\/v2\/users\/1"}],"replies":[{"embeddable":true,"href":"https:\/\/www.pedroandretta.info\/index\/wp-json\/wp\/v2\/comments?post=4209"}],"version-history":[{"count":0,"href":"https:\/\/www.pedroandretta.info\/index\/wp-json\/wp\/v2\/posts\/4209\/revisions"}],"wp:featuredmedia":[{"embeddable":true,"href":"https:\/\/www.pedroandretta.info\/index\/wp-json\/wp\/v2\/media\/4210"}],"wp:attachment":[{"href":"https:\/\/www.pedroandretta.info\/index\/wp-json\/wp\/v2\/media?parent=4209"}],"wp:term":[{"taxonomy":"category","embeddable":true,"href":"https:\/\/www.pedroandretta.info\/index\/wp-json\/wp\/v2\/categories?post=4209"},{"taxonomy":"post_tag","embeddable":true,"href":"https:\/\/www.pedroandretta.info\/index\/wp-json\/wp\/v2\/tags?post=4209"}],"curies":[{"name":"wp","href":"https:\/\/api.w.org\/{rel}","templated":true}]}}