{"id":4218,"date":"2020-02-13T12:46:52","date_gmt":"2020-02-13T12:46:52","guid":{"rendered":"https:\/\/www.pedroandretta.info\/index\/?p=4218"},"modified":"2020-02-13T12:46:52","modified_gmt":"2020-02-13T12:46:52","slug":"escritorios-de-direitosautorais-comunicacao-cientifica-analise-dos-seus-servi","status":"publish","type":"post","link":"https:\/\/www.pedroandretta.info\/index\/2020\/02\/escritorios-de-direitosautorais-comunicacao-cientifica-analise-dos-seus-servi\/","title":{"rendered":"Escrit\u00f3rios de #direitosautorais \/comunica\u00e7\u00e3o cient\u00edfica: an\u00e1lise dos seus servi&#8230;"},"content":{"rendered":"<p>[ad_1]<\/p>\n<blockquote class=\"twitter-tweet\">\n<p lang=\"pt\" dir=\"ltr\">Escrit\u00f3rios de <a target=\"_blank\" href=\"https:\/\/twitter.com\/hashtag\/direitosautorais?src=hash&amp;ref_src=twsrc%5Etfw\" rel=\"noopener noreferrer\">#direitosautorais<\/a> \/comunica\u00e7\u00e3o cient\u00edfica: an\u00e1lise dos seus servi\u00e7os e perfil profissional| \u201cQuanto ao perfil do profissional, \u00e9 necess\u00e1rio alcan\u00e7ar um equil\u00edbrio correto entre a abordagem da <a target=\"_blank\" href=\"https:\/\/twitter.com\/hashtag\/biblioteconomia?src=hash&amp;ref_src=twsrc%5Etfw\" rel=\"noopener noreferrer\">#biblioteconomia<\/a> e do direito.\u201d <a target=\"_blank\" href=\"https:\/\/twitter.com\/hashtag\/bibliotecas?src=hash&amp;ref_src=twsrc%5Etfw\" rel=\"noopener noreferrer\">#bibliotecas<\/a> Ver <a target=\"_blank\" href=\"https:\/\/t.co\/wFvlKRYvY7\" rel=\"noopener noreferrer\">https:\/\/t.co\/wFvlKRYvY7<\/a> <a target=\"_blank\" href=\"https:\/\/t.co\/rhPD6FDz15\" rel=\"noopener noreferrer\">pic.twitter.com\/rhPD6FDz15<\/a><\/p>\n<p>&mdash; Pedro Andretta (@pedroisandretta) <a target=\"_blank\" href=\"https:\/\/twitter.com\/pedroisandretta\/status\/1227937180309479424?ref_src=twsrc%5Etfw\" rel=\"noopener noreferrer\">February 13, 2020<\/a><\/p><\/blockquote>\n<p><script async src=\"https:\/\/platform.twitter.com\/widgets.js\" charset=\"utf-8\"><\/script><\/p>\n<p>[ad_2]<br \/>\n<br \/><a href=\"https:\/\/twitter.com\/pedroisandretta\/statuses\/1227937180309479424\">Source<\/a> by <a href=\"https:\/\/t.co\/MfIsGWjH1p\">Pedro Andretta<\/a><\/p>\n","protected":false},"excerpt":{"rendered":"<p>[ad_1] Escrit\u00f3rios de #direitosautorais \/comunica\u00e7\u00e3o cient\u00edfica: an\u00e1lise dos seus servi\u00e7os e perfil profissional| \u201cQuanto ao perfil do profissional, \u00e9 necess\u00e1rio alcan\u00e7ar um equil\u00edbrio correto entre a abordagem da #biblioteconomia e do direito.\u201d #bibliotecas Ver https:\/\/t.co\/wFvlKRYvY7 pic.twitter.com\/rhPD6FDz15 &mdash; Pedro Andretta (@pedroisandretta) February 13, 2020 [ad_2] Source by Pedro Andretta<\/p>\n","protected":false},"author":1,"featured_media":0,"comment_status":"open","ping_status":"open","sticky":false,"template":"","format":"standard","meta":{"_jetpack_memberships_contains_paid_content":false,"footnotes":"","jetpack_publicize_message":"","jetpack_publicize_feature_enabled":true,"jetpack_social_post_already_shared":true,"jetpack_social_options":{"image_generator_settings":{"template":"highway","default_image_id":0,"font":"","enabled":false},"version":2}},"categories":[21],"tags":[38,33,301],"class_list":["post-4218","post","type-post","status-publish","format-standard","hentry","category-informeci","tag-bibliotecas","tag-biblioteconomia","tag-direitosautorais"],"jetpack_publicize_connections":[],"jetpack_featured_media_url":"","views":"","jetpack_sharing_enabled":true,"_links":{"self":[{"href":"https:\/\/www.pedroandretta.info\/index\/wp-json\/wp\/v2\/posts\/4218","targetHints":{"allow":["GET"]}}],"collection":[{"href":"https:\/\/www.pedroandretta.info\/index\/wp-json\/wp\/v2\/posts"}],"about":[{"href":"https:\/\/www.pedroandretta.info\/index\/wp-json\/wp\/v2\/types\/post"}],"author":[{"embeddable":true,"href":"https:\/\/www.pedroandretta.info\/index\/wp-json\/wp\/v2\/users\/1"}],"replies":[{"embeddable":true,"href":"https:\/\/www.pedroandretta.info\/index\/wp-json\/wp\/v2\/comments?post=4218"}],"version-history":[{"count":0,"href":"https:\/\/www.pedroandretta.info\/index\/wp-json\/wp\/v2\/posts\/4218\/revisions"}],"wp:attachment":[{"href":"https:\/\/www.pedroandretta.info\/index\/wp-json\/wp\/v2\/media?parent=4218"}],"wp:term":[{"taxonomy":"category","embeddable":true,"href":"https:\/\/www.pedroandretta.info\/index\/wp-json\/wp\/v2\/categories?post=4218"},{"taxonomy":"post_tag","embeddable":true,"href":"https:\/\/www.pedroandretta.info\/index\/wp-json\/wp\/v2\/tags?post=4218"}],"curies":[{"name":"wp","href":"https:\/\/api.w.org\/{rel}","templated":true}]}}