{"id":4222,"date":"2020-02-13T20:01:47","date_gmt":"2020-02-13T20:01:47","guid":{"rendered":"https:\/\/www.pedroandretta.info\/index\/?p=4222"},"modified":"2020-02-13T20:01:47","modified_gmt":"2020-02-13T20:01:47","slug":"introducao-a-ciencia-de-dados-para-biblioteconomia-com-o-prof-dalton-martins","status":"publish","type":"post","link":"https:\/\/www.pedroandretta.info\/index\/2020\/02\/introducao-a-ciencia-de-dados-para-biblioteconomia-com-o-prof-dalton-martins\/","title":{"rendered":"Introdu\u00e7\u00e3o a Ci\u00eancia de Dados para Biblioteconomia, com o  Prof. Dalton Martins &#8230;"},"content":{"rendered":"<p>[ad_1]<\/p>\n<blockquote class=\"twitter-tweet\">\n<p lang=\"pt\" dir=\"ltr\">Introdu\u00e7\u00e3o a Ci\u00eancia de Dados para Biblioteconomia, com o  Prof. Dalton Martins &#8211; UnB |Vale a pena dar uma olhada nesses materiais de aula! H\u00e1 mtos alunos de Biblio interessado no tema da <a target=\"_blank\" href=\"https:\/\/twitter.com\/hashtag\/Ci%C3%AAnciadeDados?src=hash&amp;ref_src=twsrc%5Etfw\" rel=\"noopener noreferrer\">#Ci\u00eanciadeDados<\/a> e poucos profs de <a target=\"_blank\" href=\"https:\/\/twitter.com\/hashtag\/Biblioteconomia?src=hash&amp;ref_src=twsrc%5Etfw\" rel=\"noopener noreferrer\">#Biblioteconomia<\/a> com essa bagagem! <a target=\"_blank\" href=\"https:\/\/t.co\/AwXHtbrTQj\" rel=\"noopener noreferrer\">https:\/\/t.co\/AwXHtbrTQj<\/a><\/p>\n<p>&mdash; Pedro Andretta (@pedroisandretta) <a target=\"_blank\" href=\"https:\/\/twitter.com\/pedroisandretta\/status\/1228046629057499137?ref_src=twsrc%5Etfw\" rel=\"noopener noreferrer\">February 13, 2020<\/a><\/p><\/blockquote>\n<p><script async src=\"https:\/\/platform.twitter.com\/widgets.js\" charset=\"utf-8\"><\/script><\/p>\n<p>[ad_2]<br \/>\n<br \/><a href=\"https:\/\/twitter.com\/pedroisandretta\/statuses\/1228046629057499137\">Source<\/a> by <a href=\"https:\/\/t.co\/MfIsGWjH1p\">Pedro Andretta<\/a><\/p>\n","protected":false},"excerpt":{"rendered":"<p>[ad_1] Introdu\u00e7\u00e3o a Ci\u00eancia de Dados para Biblioteconomia, com o Prof. Dalton Martins &#8211; UnB |Vale a pena dar uma olhada nesses materiais de aula! H\u00e1 mtos alunos de Biblio interessado no tema da #Ci\u00eanciadeDados e poucos profs de #Biblioteconomia com essa bagagem! https:\/\/t.co\/AwXHtbrTQj &mdash; Pedro Andretta (@pedroisandretta) February 13, 2020 [ad_2] Source by Pedro<\/p><\/div>\n<div class=\"blog-btn\"><a href=\"https:\/\/www.pedroandretta.info\/index\/2020\/02\/introducao-a-ciencia-de-dados-para-biblioteconomia-com-o-prof-dalton-martins\/\" class=\"home-blog-btn\">Ler mais<\/a><\/p>\n","protected":false},"author":1,"featured_media":0,"comment_status":"open","ping_status":"open","sticky":false,"template":"","format":"standard","meta":{"_jetpack_memberships_contains_paid_content":false,"footnotes":"","jetpack_publicize_message":"","jetpack_publicize_feature_enabled":true,"jetpack_social_post_already_shared":true,"jetpack_social_options":{"image_generator_settings":{"template":"highway","default_image_id":0,"font":"","enabled":false},"version":2}},"categories":[21],"tags":[33,487],"class_list":["post-4222","post","type-post","status-publish","format-standard","hentry","category-informeci","tag-biblioteconomia","tag-cienciadedados"],"jetpack_publicize_connections":[],"jetpack_featured_media_url":"","views":"","jetpack_sharing_enabled":true,"_links":{"self":[{"href":"https:\/\/www.pedroandretta.info\/index\/wp-json\/wp\/v2\/posts\/4222","targetHints":{"allow":["GET"]}}],"collection":[{"href":"https:\/\/www.pedroandretta.info\/index\/wp-json\/wp\/v2\/posts"}],"about":[{"href":"https:\/\/www.pedroandretta.info\/index\/wp-json\/wp\/v2\/types\/post"}],"author":[{"embeddable":true,"href":"https:\/\/www.pedroandretta.info\/index\/wp-json\/wp\/v2\/users\/1"}],"replies":[{"embeddable":true,"href":"https:\/\/www.pedroandretta.info\/index\/wp-json\/wp\/v2\/comments?post=4222"}],"version-history":[{"count":0,"href":"https:\/\/www.pedroandretta.info\/index\/wp-json\/wp\/v2\/posts\/4222\/revisions"}],"wp:attachment":[{"href":"https:\/\/www.pedroandretta.info\/index\/wp-json\/wp\/v2\/media?parent=4222"}],"wp:term":[{"taxonomy":"category","embeddable":true,"href":"https:\/\/www.pedroandretta.info\/index\/wp-json\/wp\/v2\/categories?post=4222"},{"taxonomy":"post_tag","embeddable":true,"href":"https:\/\/www.pedroandretta.info\/index\/wp-json\/wp\/v2\/tags?post=4222"}],"curies":[{"name":"wp","href":"https:\/\/api.w.org\/{rel}","templated":true}]}}