{"id":4228,"date":"2020-02-14T12:45:32","date_gmt":"2020-02-14T12:45:32","guid":{"rendered":"https:\/\/www.pedroandretta.info\/index\/?p=4228"},"modified":"2020-02-14T12:45:32","modified_gmt":"2020-02-14T12:45:32","slug":"caca-as-bruxas-de-damares-provoca-autocensura-no-mercado-literario-infantil","status":"publish","type":"post","link":"https:\/\/www.pedroandretta.info\/index\/2020\/02\/caca-as-bruxas-de-damares-provoca-autocensura-no-mercado-literario-infantil\/","title":{"rendered":"\u2018Ca\u00e7a \u00e0s bruxas\u2019 de Damares provoca autocensura no mercado liter\u00e1rio infantil | &#8230;"},"content":{"rendered":"<p>[ad_1]<\/p>\n<blockquote class=\"twitter-tweet\">\n<p lang=\"pt\" dir=\"ltr\">\u2018Ca\u00e7a \u00e0s bruxas\u2019 de Damares provoca autocensura no mercado liter\u00e1rio infantil | \u201cPara al\u00e9m da ca\u00e7a \u00e0s bruxas, drag\u00f5es, fadas e duendes, entra na roda a chamada \u201cideologia de g\u00eanero\u201d.\u201d <a target=\"_blank\" href=\"https:\/\/twitter.com\/hashtag\/livros?src=hash&amp;ref_src=twsrc%5Etfw\" rel=\"noopener noreferrer\">#livros<\/a> <a target=\"_blank\" href=\"https:\/\/twitter.com\/hashtag\/censura?src=hash&amp;ref_src=twsrc%5Etfw\" rel=\"noopener noreferrer\">#censura<\/a> <a target=\"_blank\" href=\"https:\/\/twitter.com\/hashtag\/mercadoeditorial?src=hash&amp;ref_src=twsrc%5Etfw\" rel=\"noopener noreferrer\">#mercadoeditorial<\/a> via Cultura | EL PA\u00cdS Brasil <a target=\"_blank\" href=\"https:\/\/t.co\/zKgJGel14h\" rel=\"noopener noreferrer\">https:\/\/t.co\/zKgJGel14h<\/a><\/p>\n<p>&mdash; Pedro Andretta (@pedroisandretta) <a target=\"_blank\" href=\"https:\/\/twitter.com\/pedroisandretta\/status\/1228299233457057793?ref_src=twsrc%5Etfw\" rel=\"noopener noreferrer\">February 14, 2020<\/a><\/p><\/blockquote>\n<p><script async src=\"https:\/\/platform.twitter.com\/widgets.js\" charset=\"utf-8\"><\/script><\/p>\n<p>[ad_2]<br \/>\n<br \/><a href=\"https:\/\/twitter.com\/pedroisandretta\/statuses\/1228299233457057793\">Source<\/a> by <a href=\"https:\/\/t.co\/MfIsGWjH1p\">Pedro Andretta<\/a><\/p>\n","protected":false},"excerpt":{"rendered":"<p>[ad_1] \u2018Ca\u00e7a \u00e0s bruxas\u2019 de Damares provoca autocensura no mercado liter\u00e1rio infantil | \u201cPara al\u00e9m da ca\u00e7a \u00e0s bruxas, drag\u00f5es, fadas e duendes, entra na roda a chamada \u201cideologia de g\u00eanero\u201d.\u201d #livros #censura #mercadoeditorial via Cultura | EL PA\u00cdS Brasil https:\/\/t.co\/zKgJGel14h &mdash; Pedro Andretta (@pedroisandretta) February 14, 2020 [ad_2] Source by Pedro Andretta<\/p>\n","protected":false},"author":1,"featured_media":0,"comment_status":"open","ping_status":"open","sticky":false,"template":"","format":"standard","meta":{"_jetpack_memberships_contains_paid_content":false,"footnotes":"","jetpack_publicize_message":"","jetpack_publicize_feature_enabled":true,"jetpack_social_post_already_shared":true,"jetpack_social_options":{"image_generator_settings":{"template":"highway","default_image_id":0,"font":"","enabled":false},"version":2}},"categories":[21],"tags":[168,63,367],"class_list":["post-4228","post","type-post","status-publish","format-standard","hentry","category-informeci","tag-censura","tag-livros","tag-mercadoeditorial"],"jetpack_publicize_connections":[],"jetpack_featured_media_url":"","views":"","jetpack_sharing_enabled":true,"_links":{"self":[{"href":"https:\/\/www.pedroandretta.info\/index\/wp-json\/wp\/v2\/posts\/4228","targetHints":{"allow":["GET"]}}],"collection":[{"href":"https:\/\/www.pedroandretta.info\/index\/wp-json\/wp\/v2\/posts"}],"about":[{"href":"https:\/\/www.pedroandretta.info\/index\/wp-json\/wp\/v2\/types\/post"}],"author":[{"embeddable":true,"href":"https:\/\/www.pedroandretta.info\/index\/wp-json\/wp\/v2\/users\/1"}],"replies":[{"embeddable":true,"href":"https:\/\/www.pedroandretta.info\/index\/wp-json\/wp\/v2\/comments?post=4228"}],"version-history":[{"count":0,"href":"https:\/\/www.pedroandretta.info\/index\/wp-json\/wp\/v2\/posts\/4228\/revisions"}],"wp:attachment":[{"href":"https:\/\/www.pedroandretta.info\/index\/wp-json\/wp\/v2\/media?parent=4228"}],"wp:term":[{"taxonomy":"category","embeddable":true,"href":"https:\/\/www.pedroandretta.info\/index\/wp-json\/wp\/v2\/categories?post=4228"},{"taxonomy":"post_tag","embeddable":true,"href":"https:\/\/www.pedroandretta.info\/index\/wp-json\/wp\/v2\/tags?post=4228"}],"curies":[{"name":"wp","href":"https:\/\/api.w.org\/{rel}","templated":true}]}}