{"id":4233,"date":"2020-02-15T01:38:39","date_gmt":"2020-02-15T01:38:39","guid":{"rendered":"https:\/\/www.pedroandretta.info\/index\/?p=4233"},"modified":"2020-02-15T01:38:39","modified_gmt":"2020-02-15T01:38:39","slug":"bibliotecarios-podem-concorrer-a-bolsa-internacional-iberbibliotecas-ate-1-de","status":"publish","type":"post","link":"https:\/\/www.pedroandretta.info\/index\/2020\/02\/bibliotecarios-podem-concorrer-a-bolsa-internacional-iberbibliotecas-ate-1-de\/","title":{"rendered":"#Bibliotec\u00e1rios podem concorrer \u00e0 Bolsa Internacional #Iberbibliotecas at\u00e9 [1 de&#8230;"},"content":{"rendered":"<p>[ad_1]<br \/>\n<img data-recalc-dims=\"1\" decoding=\"async\" src=\"https:\/\/i0.wp.com\/www.pedroandretta.info\/index\/wp-content\/uploads\/2019\/12\/Bibliotecas.jpg?w=696&#038;ssl=1\"\/><\/p>\n<blockquote class=\"twitter-tweet\">\n<p lang=\"pt\" dir=\"ltr\"><a target=\"_blank\" href=\"https:\/\/twitter.com\/hashtag\/Bibliotec%C3%A1rios?src=hash&amp;ref_src=twsrc%5Etfw\" rel=\"noopener noreferrer\">#Bibliotec\u00e1rios<\/a> podem concorrer \u00e0 Bolsa Internacional <a target=\"_blank\" href=\"https:\/\/twitter.com\/hashtag\/Iberbibliotecas?src=hash&amp;ref_src=twsrc%5Etfw\" rel=\"noopener noreferrer\">#Iberbibliotecas<\/a> at\u00e9 [1 de] mar\u00e7o| \u201cOs candidatos devem estar desenvolvendo projetos e programas dirigidos a organiza\u00e7\u00f5es sociais; a grupos em situa\u00e7\u00e3o de vulnerabilidade social; [&#8230;] entre outros.\u201d <a target=\"_blank\" href=\"https:\/\/t.co\/oF0hfi1YXO\" rel=\"noopener noreferrer\">https:\/\/t.co\/oF0hfi1YXO<\/a><\/p>\n<p>&mdash; Pedro Andretta (@pedroisandretta) <a target=\"_blank\" href=\"https:\/\/twitter.com\/pedroisandretta\/status\/1228493795752316928?ref_src=twsrc%5Etfw\" rel=\"noopener noreferrer\">February 15, 2020<\/a><\/p><\/blockquote>\n<p><script async src=\"https:\/\/platform.twitter.com\/widgets.js\" charset=\"utf-8\"><\/script><\/p>\n<p>[ad_2]<br \/>\n<br \/><a href=\"https:\/\/twitter.com\/pedroisandretta\/statuses\/1228493795752316928\">Source<\/a> by <a href=\"https:\/\/t.co\/MfIsGWjH1p\">Pedro Andretta<\/a><\/p>\n","protected":false},"excerpt":{"rendered":"<p>[ad_1] #Bibliotec\u00e1rios podem concorrer \u00e0 Bolsa Internacional #Iberbibliotecas at\u00e9 [1 de] mar\u00e7o| \u201cOs candidatos devem estar desenvolvendo projetos e programas dirigidos a organiza\u00e7\u00f5es sociais; a grupos em situa\u00e7\u00e3o de vulnerabilidade social; [&#8230;] entre outros.\u201d https:\/\/t.co\/oF0hfi1YXO &mdash; Pedro Andretta (@pedroisandretta) February 15, 2020 [ad_2] Source by Pedro Andretta<\/p>\n","protected":false},"author":1,"featured_media":2968,"comment_status":"open","ping_status":"open","sticky":false,"template":"","format":"standard","meta":{"_jetpack_memberships_contains_paid_content":false,"footnotes":"","jetpack_publicize_message":"","jetpack_publicize_feature_enabled":true,"jetpack_social_post_already_shared":true,"jetpack_social_options":{"image_generator_settings":{"template":"highway","default_image_id":0,"font":"","enabled":false},"version":2}},"categories":[21],"tags":[22,490],"class_list":["post-4233","post","type-post","status-publish","format-standard","has-post-thumbnail","hentry","category-informeci","tag-bibliotecarios","tag-iberbibliotecas"],"jetpack_publicize_connections":[],"jetpack_featured_media_url":"https:\/\/i0.wp.com\/www.pedroandretta.info\/index\/wp-content\/uploads\/2019\/12\/Bibliotecas.jpg?fit=1500%2C500&ssl=1","views":"","jetpack_sharing_enabled":true,"_links":{"self":[{"href":"https:\/\/www.pedroandretta.info\/index\/wp-json\/wp\/v2\/posts\/4233","targetHints":{"allow":["GET"]}}],"collection":[{"href":"https:\/\/www.pedroandretta.info\/index\/wp-json\/wp\/v2\/posts"}],"about":[{"href":"https:\/\/www.pedroandretta.info\/index\/wp-json\/wp\/v2\/types\/post"}],"author":[{"embeddable":true,"href":"https:\/\/www.pedroandretta.info\/index\/wp-json\/wp\/v2\/users\/1"}],"replies":[{"embeddable":true,"href":"https:\/\/www.pedroandretta.info\/index\/wp-json\/wp\/v2\/comments?post=4233"}],"version-history":[{"count":0,"href":"https:\/\/www.pedroandretta.info\/index\/wp-json\/wp\/v2\/posts\/4233\/revisions"}],"wp:featuredmedia":[{"embeddable":true,"href":"https:\/\/www.pedroandretta.info\/index\/wp-json\/wp\/v2\/media\/2968"}],"wp:attachment":[{"href":"https:\/\/www.pedroandretta.info\/index\/wp-json\/wp\/v2\/media?parent=4233"}],"wp:term":[{"taxonomy":"category","embeddable":true,"href":"https:\/\/www.pedroandretta.info\/index\/wp-json\/wp\/v2\/categories?post=4233"},{"taxonomy":"post_tag","embeddable":true,"href":"https:\/\/www.pedroandretta.info\/index\/wp-json\/wp\/v2\/tags?post=4233"}],"curies":[{"name":"wp","href":"https:\/\/api.w.org\/{rel}","templated":true}]}}