{"id":4237,"date":"2020-02-15T01:46:28","date_gmt":"2020-02-15T01:46:28","guid":{"rendered":"https:\/\/www.pedroandretta.info\/index\/?p=4237"},"modified":"2020-02-15T01:46:28","modified_gmt":"2020-02-15T01:46:28","slug":"a-leitura-e-livre-nao-ha-duvida-de-que-o-alerta-foi-acionado-tanto-em-roraim","status":"publish","type":"post","link":"https:\/\/www.pedroandretta.info\/index\/2020\/02\/a-leitura-e-livre-nao-ha-duvida-de-que-o-alerta-foi-acionado-tanto-em-roraim\/","title":{"rendered":"A #leitura \u00e9 livre |\u201dN\u00e3o h\u00e1 d\u00favida de que o alerta foi acionado, tanto em Roraim&#8230;"},"content":{"rendered":"<p>[ad_1]<br \/>\n<img data-recalc-dims=\"1\" decoding=\"async\" src=\"https:\/\/i0.wp.com\/www.pedroandretta.info\/index\/wp-content\/uploads\/2020\/02\/Governo-Doria-censura-lista-de-livros-de-projeto-em-presidios.jpg?w=696&#038;ssl=1\"\/><\/p>\n<blockquote class=\"twitter-tweet\">\n<p lang=\"pt\" dir=\"ltr\">A <a target=\"_blank\" href=\"https:\/\/twitter.com\/hashtag\/leitura?src=hash&amp;ref_src=twsrc%5Etfw\" rel=\"noopener noreferrer\">#leitura<\/a> \u00e9 livre |\u201dN\u00e3o h\u00e1 d\u00favida de que o alerta foi acionado, tanto em Roraima como em S\u00e3o Paulo.\u00c9 perigoso quando burocratas se sentem no direito de decidir o que pode e o que n\u00e3o pode ser lido pela popula\u00e7\u00e3o.\u201d (P\u00f4 jornalista, \u00e9 Rond\u00f4nia, n\u00e3o Roraima) <a target=\"_blank\" href=\"https:\/\/t.co\/T6maJIFh9W\" rel=\"noopener noreferrer\">https:\/\/t.co\/T6maJIFh9W<\/a><\/p>\n<p>&mdash; Pedro Andretta (@pedroisandretta) <a target=\"_blank\" href=\"https:\/\/twitter.com\/pedroisandretta\/status\/1228495760272044032?ref_src=twsrc%5Etfw\" rel=\"noopener noreferrer\">February 15, 2020<\/a><\/p><\/blockquote>\n<p><script async src=\"https:\/\/platform.twitter.com\/widgets.js\" charset=\"utf-8\"><\/script><\/p>\n<p>[ad_2]<br \/>\n<br \/><a href=\"https:\/\/twitter.com\/pedroisandretta\/statuses\/1228495760272044032\">Source<\/a> by <a href=\"https:\/\/t.co\/MfIsGWjH1p\">Pedro Andretta<\/a><\/p>\n","protected":false},"excerpt":{"rendered":"<p>[ad_1] A #leitura \u00e9 livre |\u201dN\u00e3o h\u00e1 d\u00favida de que o alerta foi acionado, tanto em Roraima como em S\u00e3o Paulo.\u00c9 perigoso quando burocratas se sentem no direito de decidir o que pode e o que n\u00e3o pode ser lido pela popula\u00e7\u00e3o.\u201d (P\u00f4 jornalista, \u00e9 Rond\u00f4nia, n\u00e3o Roraima) https:\/\/t.co\/T6maJIFh9W &mdash; Pedro Andretta (@pedroisandretta) February 15,<\/p><\/div>\n<div class=\"blog-btn\"><a href=\"https:\/\/www.pedroandretta.info\/index\/2020\/02\/a-leitura-e-livre-nao-ha-duvida-de-que-o-alerta-foi-acionado-tanto-em-roraim\/\" class=\"home-blog-btn\">Ler mais<\/a><\/p>\n","protected":false},"author":1,"featured_media":4198,"comment_status":"open","ping_status":"open","sticky":false,"template":"","format":"standard","meta":{"_jetpack_memberships_contains_paid_content":false,"footnotes":"","jetpack_publicize_message":"","jetpack_publicize_feature_enabled":true,"jetpack_social_post_already_shared":true,"jetpack_social_options":{"image_generator_settings":{"template":"highway","default_image_id":0,"font":"","enabled":false},"version":2}},"categories":[21],"tags":[157],"class_list":["post-4237","post","type-post","status-publish","format-standard","has-post-thumbnail","hentry","category-informeci","tag-leitura"],"jetpack_publicize_connections":[],"jetpack_featured_media_url":"https:\/\/i0.wp.com\/www.pedroandretta.info\/index\/wp-content\/uploads\/2020\/02\/Governo-Doria-censura-lista-de-livros-de-projeto-em-presidios.jpg?fit=2400%2C1600&ssl=1","views":"","jetpack_sharing_enabled":true,"_links":{"self":[{"href":"https:\/\/www.pedroandretta.info\/index\/wp-json\/wp\/v2\/posts\/4237","targetHints":{"allow":["GET"]}}],"collection":[{"href":"https:\/\/www.pedroandretta.info\/index\/wp-json\/wp\/v2\/posts"}],"about":[{"href":"https:\/\/www.pedroandretta.info\/index\/wp-json\/wp\/v2\/types\/post"}],"author":[{"embeddable":true,"href":"https:\/\/www.pedroandretta.info\/index\/wp-json\/wp\/v2\/users\/1"}],"replies":[{"embeddable":true,"href":"https:\/\/www.pedroandretta.info\/index\/wp-json\/wp\/v2\/comments?post=4237"}],"version-history":[{"count":0,"href":"https:\/\/www.pedroandretta.info\/index\/wp-json\/wp\/v2\/posts\/4237\/revisions"}],"wp:featuredmedia":[{"embeddable":true,"href":"https:\/\/www.pedroandretta.info\/index\/wp-json\/wp\/v2\/media\/4198"}],"wp:attachment":[{"href":"https:\/\/www.pedroandretta.info\/index\/wp-json\/wp\/v2\/media?parent=4237"}],"wp:term":[{"taxonomy":"category","embeddable":true,"href":"https:\/\/www.pedroandretta.info\/index\/wp-json\/wp\/v2\/categories?post=4237"},{"taxonomy":"post_tag","embeddable":true,"href":"https:\/\/www.pedroandretta.info\/index\/wp-json\/wp\/v2\/tags?post=4237"}],"curies":[{"name":"wp","href":"https:\/\/api.w.org\/{rel}","templated":true}]}}