{"id":4250,"date":"2020-02-15T15:32:05","date_gmt":"2020-02-15T15:32:05","guid":{"rendered":"https:\/\/www.pedroandretta.info\/index\/?p=4250"},"modified":"2020-02-15T15:32:05","modified_gmt":"2020-02-15T15:32:05","slug":"nota-sobre-a-reducao-da-biblioteca-da-presidencia-da-republica-o-%e2%81%a6%e2%81%a6%e2%81%a6crb1%e2%81%a9-esta","status":"publish","type":"post","link":"https:\/\/www.pedroandretta.info\/index\/2020\/02\/nota-sobre-a-reducao-da-biblioteca-da-presidencia-da-republica-o-%e2%81%a6%e2%81%a6%e2%81%a6crb1%e2%81%a9-esta\/","title":{"rendered":"Nota sobre a Redu\u00e7\u00e3o da Biblioteca da Presid\u00eancia da Rep\u00fablica | O \u2066\u2066\u2066CRB1\u2069 est\u00e1&#8230;"},"content":{"rendered":"<p>[ad_1]<br \/>\n<img data-recalc-dims=\"1\" decoding=\"async\" src=\"https:\/\/i0.wp.com\/www.pedroandretta.info\/index\/wp-content\/uploads\/2020\/02\/Nota-sobre-a-Reducao-da-Biblioteca-da-Presidencia-da-Republica.jpg?w=696&#038;ssl=1\"\/><\/p>\n<blockquote class=\"twitter-tweet\">\n<p lang=\"pt\" dir=\"ltr\">Nota sobre a Redu\u00e7\u00e3o da Biblioteca da Presid\u00eancia da Rep\u00fablica | O \u2066\u2066\u2066CRB1\u2069 est\u00e1 de parab\u00e9ns manifestando-se contra a usurpa\u00e7\u00e3o do espa\u00e7o de mem\u00f3ria e pesquisa sobre os presidentes e governos anteriores e atual. A mem\u00f3ria do pa\u00eds em risco! \u2066 <a target=\"_blank\" href=\"https:\/\/t.co\/vi51Gg5Uwv\" rel=\"noopener noreferrer\">https:\/\/t.co\/vi51Gg5Uwv<\/a><\/p>\n<p>&mdash; Pedro Andretta (@pedroisandretta) <a target=\"_blank\" href=\"https:\/\/twitter.com\/pedroisandretta\/status\/1228703534549491712?ref_src=twsrc%5Etfw\" rel=\"noopener noreferrer\">February 15, 2020<\/a><\/p><\/blockquote>\n<p><script async src=\"https:\/\/platform.twitter.com\/widgets.js\" charset=\"utf-8\"><\/script><\/p>\n<p>[ad_2]<br \/>\n<br \/><a href=\"https:\/\/twitter.com\/pedroisandretta\/statuses\/1228703534549491712\">Source<\/a> by <a href=\"https:\/\/t.co\/MfIsGWjH1p\">Pedro Andretta<\/a><\/p>\n","protected":false},"excerpt":{"rendered":"<p>[ad_1] Nota sobre a Redu\u00e7\u00e3o da Biblioteca da Presid\u00eancia da Rep\u00fablica | O \u2066\u2066\u2066CRB1\u2069 est\u00e1 de parab\u00e9ns manifestando-se contra a usurpa\u00e7\u00e3o do espa\u00e7o de mem\u00f3ria e pesquisa sobre os presidentes e governos anteriores e atual. A mem\u00f3ria do pa\u00eds em risco! \u2066 https:\/\/t.co\/vi51Gg5Uwv &mdash; Pedro Andretta (@pedroisandretta) February 15, 2020 [ad_2] Source by Pedro Andretta<\/p>\n","protected":false},"author":1,"featured_media":4251,"comment_status":"open","ping_status":"open","sticky":false,"template":"","format":"standard","meta":{"_jetpack_memberships_contains_paid_content":false,"footnotes":"","jetpack_publicize_message":"","jetpack_publicize_feature_enabled":true,"jetpack_social_post_already_shared":true,"jetpack_social_options":{"image_generator_settings":{"template":"highway","default_image_id":0,"font":"","enabled":false},"version":2}},"categories":[21],"tags":[],"class_list":["post-4250","post","type-post","status-publish","format-standard","has-post-thumbnail","hentry","category-informeci"],"jetpack_publicize_connections":[],"jetpack_featured_media_url":"https:\/\/i0.wp.com\/www.pedroandretta.info\/index\/wp-content\/uploads\/2020\/02\/Nota-sobre-a-Reducao-da-Biblioteca-da-Presidencia-da-Republica.jpg?fit=800%2C533&ssl=1","views":"","jetpack_sharing_enabled":true,"_links":{"self":[{"href":"https:\/\/www.pedroandretta.info\/index\/wp-json\/wp\/v2\/posts\/4250","targetHints":{"allow":["GET"]}}],"collection":[{"href":"https:\/\/www.pedroandretta.info\/index\/wp-json\/wp\/v2\/posts"}],"about":[{"href":"https:\/\/www.pedroandretta.info\/index\/wp-json\/wp\/v2\/types\/post"}],"author":[{"embeddable":true,"href":"https:\/\/www.pedroandretta.info\/index\/wp-json\/wp\/v2\/users\/1"}],"replies":[{"embeddable":true,"href":"https:\/\/www.pedroandretta.info\/index\/wp-json\/wp\/v2\/comments?post=4250"}],"version-history":[{"count":0,"href":"https:\/\/www.pedroandretta.info\/index\/wp-json\/wp\/v2\/posts\/4250\/revisions"}],"wp:featuredmedia":[{"embeddable":true,"href":"https:\/\/www.pedroandretta.info\/index\/wp-json\/wp\/v2\/media\/4251"}],"wp:attachment":[{"href":"https:\/\/www.pedroandretta.info\/index\/wp-json\/wp\/v2\/media?parent=4250"}],"wp:term":[{"taxonomy":"category","embeddable":true,"href":"https:\/\/www.pedroandretta.info\/index\/wp-json\/wp\/v2\/categories?post=4250"},{"taxonomy":"post_tag","embeddable":true,"href":"https:\/\/www.pedroandretta.info\/index\/wp-json\/wp\/v2\/tags?post=4250"}],"curies":[{"name":"wp","href":"https:\/\/api.w.org\/{rel}","templated":true}]}}