{"id":4316,"date":"2020-02-20T08:42:17","date_gmt":"2020-02-20T08:42:17","guid":{"rendered":"https:\/\/www.pedroandretta.info\/index\/?p=4316"},"modified":"2020-02-20T08:42:17","modified_gmt":"2020-02-20T08:42:17","slug":"biblioteca-digital-do-cerrado-a-biblioteca-digital-do-cerrado-bdc-foi-criad","status":"publish","type":"post","link":"https:\/\/www.pedroandretta.info\/index\/2020\/02\/biblioteca-digital-do-cerrado-a-biblioteca-digital-do-cerrado-bdc-foi-criad\/","title":{"rendered":"Biblioteca Digital do Cerrado | \u201cA Biblioteca Digital do Cerrado (BDC) foi criad&#8230;"},"content":{"rendered":"<p>[ad_1]<br \/>\n<img data-recalc-dims=\"1\" decoding=\"async\" src=\"https:\/\/i0.wp.com\/www.pedroandretta.info\/index\/wp-content\/uploads\/2020\/02\/Biblioteca-Digital-do-Cerrado-%E2%80%9CA-Biblioteca-Digital-do-Cerrado.jpg?w=696&#038;ssl=1\"\/><\/p>\n<blockquote class=\"twitter-tweet\">\n<p lang=\"pt\" dir=\"ltr\">Biblioteca Digital do Cerrado | \u201cA Biblioteca Digital do Cerrado (BDC) foi criada a partir de uma parceria entre o Jardim Bot\u00e2nico de Bras\u00edlia (JBB) e o Instituto Brasileiro de Informa\u00e7\u00e3o em Ci\u00eancia e Tecnologia (Ibict)\u201d <a target=\"_blank\" href=\"https:\/\/twitter.com\/hashtag\/basesdedados?src=hash&amp;ref_src=twsrc%5Etfw\" rel=\"noopener noreferrer\">#basesdedados<\/a> <a target=\"_blank\" href=\"https:\/\/twitter.com\/hashtag\/bibliotecasdigitais?src=hash&amp;ref_src=twsrc%5Etfw\" rel=\"noopener noreferrer\">#bibliotecasdigitais<\/a>  <a target=\"_blank\" href=\"https:\/\/t.co\/0DjFjlgyML\" rel=\"noopener noreferrer\">https:\/\/t.co\/0DjFjlgyML<\/a><\/p>\n<p>&mdash; Pedro Andretta (@pedroisandretta) <a target=\"_blank\" href=\"https:\/\/twitter.com\/pedroisandretta\/status\/1230412345480032257?ref_src=twsrc%5Etfw\" rel=\"noopener noreferrer\">February 20, 2020<\/a><\/p><\/blockquote>\n<p><script async src=\"https:\/\/platform.twitter.com\/widgets.js\" charset=\"utf-8\"><\/script><\/p>\n<p>[ad_2]<br \/>\n<br \/><a href=\"https:\/\/twitter.com\/pedroisandretta\/statuses\/1230412345480032257\">Source<\/a> by <a href=\"https:\/\/t.co\/MfIsGWjH1p\">Pedro Andretta<\/a><\/p>\n","protected":false},"excerpt":{"rendered":"<p>[ad_1] Biblioteca Digital do Cerrado | \u201cA Biblioteca Digital do Cerrado (BDC) foi criada a partir de uma parceria entre o Jardim Bot\u00e2nico de Bras\u00edlia (JBB) e o Instituto Brasileiro de Informa\u00e7\u00e3o em Ci\u00eancia e Tecnologia (Ibict)\u201d #basesdedados #bibliotecasdigitais https:\/\/t.co\/0DjFjlgyML &mdash; Pedro Andretta (@pedroisandretta) February 20, 2020 [ad_2] Source by Pedro Andretta<\/p>\n","protected":false},"author":1,"featured_media":4317,"comment_status":"open","ping_status":"open","sticky":false,"template":"","format":"standard","meta":{"_jetpack_memberships_contains_paid_content":false,"footnotes":"","jetpack_publicize_message":"","jetpack_publicize_feature_enabled":true,"jetpack_social_post_already_shared":true,"jetpack_social_options":{"image_generator_settings":{"template":"highway","default_image_id":0,"font":"","enabled":false},"version":2}},"categories":[21],"tags":[510,376],"class_list":["post-4316","post","type-post","status-publish","format-standard","has-post-thumbnail","hentry","category-informeci","tag-basesdedados","tag-bibliotecasdigitais"],"jetpack_publicize_connections":[],"jetpack_featured_media_url":"https:\/\/i0.wp.com\/www.pedroandretta.info\/index\/wp-content\/uploads\/2020\/02\/Biblioteca-Digital-do-Cerrado-%E2%80%9CA-Biblioteca-Digital-do-Cerrado.jpg?fit=400%2C231&ssl=1","views":"","jetpack_sharing_enabled":true,"_links":{"self":[{"href":"https:\/\/www.pedroandretta.info\/index\/wp-json\/wp\/v2\/posts\/4316","targetHints":{"allow":["GET"]}}],"collection":[{"href":"https:\/\/www.pedroandretta.info\/index\/wp-json\/wp\/v2\/posts"}],"about":[{"href":"https:\/\/www.pedroandretta.info\/index\/wp-json\/wp\/v2\/types\/post"}],"author":[{"embeddable":true,"href":"https:\/\/www.pedroandretta.info\/index\/wp-json\/wp\/v2\/users\/1"}],"replies":[{"embeddable":true,"href":"https:\/\/www.pedroandretta.info\/index\/wp-json\/wp\/v2\/comments?post=4316"}],"version-history":[{"count":0,"href":"https:\/\/www.pedroandretta.info\/index\/wp-json\/wp\/v2\/posts\/4316\/revisions"}],"wp:featuredmedia":[{"embeddable":true,"href":"https:\/\/www.pedroandretta.info\/index\/wp-json\/wp\/v2\/media\/4317"}],"wp:attachment":[{"href":"https:\/\/www.pedroandretta.info\/index\/wp-json\/wp\/v2\/media?parent=4316"}],"wp:term":[{"taxonomy":"category","embeddable":true,"href":"https:\/\/www.pedroandretta.info\/index\/wp-json\/wp\/v2\/categories?post=4316"},{"taxonomy":"post_tag","embeddable":true,"href":"https:\/\/www.pedroandretta.info\/index\/wp-json\/wp\/v2\/tags?post=4316"}],"curies":[{"name":"wp","href":"https:\/\/api.w.org\/{rel}","templated":true}]}}