{"id":4360,"date":"2020-02-24T21:01:07","date_gmt":"2020-02-24T21:01:07","guid":{"rendered":"https:\/\/www.pedroandretta.info\/index\/?p=4360"},"modified":"2020-04-17T18:17:46","modified_gmt":"2020-04-17T22:17:46","slug":"lancado-topicos-para-o-ensino-de-biblioteconomia-volume-ii-organizado-pelos","status":"publish","type":"post","link":"https:\/\/www.pedroandretta.info\/index\/2020\/02\/lancado-topicos-para-o-ensino-de-biblioteconomia-volume-ii-organizado-pelos\/","title":{"rendered":"Lan\u00e7ado \u201cT\u00f3picos para o ensino de biblioteconomia: volume II\u201d, \nOrganizado pelos&#8230;"},"content":{"rendered":"<p>[ad_1]<\/p>\n<blockquote class=\"twitter-tweet\">\n<p dir=\"ltr\" lang=\"pt\">Lan\u00e7ado \u201cT\u00f3picos para o ensino de biblioteconomia: volume II\u201d,<br \/>\nOrganizado pelos profs<br \/>\nJos\u00e9 Fernando Modesto da Silva e Francisco Carlos Paletta | <a href=\"https:\/\/twitter.com\/hashtag\/BibliotecaDigital?src=hash&amp;ref_src=twsrc%5Etfw\" target=\"_blank\" rel=\"noopener noreferrer\">#BibliotecaDigital<\/a> <a href=\"https:\/\/twitter.com\/hashtag\/An%C3%A1liseDocument%C3%A1ria?src=hash&amp;ref_src=twsrc%5Etfw\" target=\"_blank\" rel=\"noopener noreferrer\">#An\u00e1liseDocument\u00e1ria<\/a> <a href=\"https:\/\/twitter.com\/hashtag\/RDA?src=hash&amp;ref_src=twsrc%5Etfw\" target=\"_blank\" rel=\"noopener noreferrer\">#RDA<\/a> <a href=\"https:\/\/twitter.com\/hashtag\/HumanidadesDigitais?src=hash&amp;ref_src=twsrc%5Etfw\" target=\"_blank\" rel=\"noopener noreferrer\">#HumanidadesDigitais<\/a> <a href=\"https:\/\/twitter.com\/hashtag\/Biblioteconomia?src=hash&amp;ref_src=twsrc%5Etfw\" target=\"_blank\" rel=\"noopener noreferrer\">#Biblioteconomia<\/a> <a href=\"https:\/\/twitter.com\/hashtag\/A%C3%A7%C3%A3oCultur?src=hash&amp;ref_src=twsrc%5Etfw\" target=\"_blank\" rel=\"noopener noreferrer\">#A\u00e7\u00e3oCultural<\/a> <a href=\"https:\/\/twitter.com\/hashtag\/HQ?src=hash&amp;ref_src=twsrc%5Etfw\" target=\"_blank\" rel=\"noopener noreferrer\">#HQ<\/a> Ver <a href=\"https:\/\/t.co\/q3mzaej6Ai\" target=\"_blank\" rel=\"noopener noreferrer\">https:\/\/t.co\/q3mzaej6Ai<\/a> <a href=\"https:\/\/t.co\/jWKrxRtKtT\" target=\"_blank\" rel=\"noopener noreferrer\">pic.twitter.com\/jWKrxRtKtT<\/a><\/p>\n<p>\u2014 Pedro Andretta (@pedroisandretta) <a href=\"https:\/\/twitter.com\/pedroisandretta\/status\/1232047830736474114?ref_src=twsrc%5Etfw\" target=\"_blank\" rel=\"noopener noreferrer\">February 24, 2020<\/a><\/p><\/blockquote>\n<p><script async=\"\" src=\"https:\/\/platform.twitter.com\/widgets.js\" charset=\"utf-8\"><\/script><\/p>\n<p>[ad_2]<\/p>\n<p><a href=\"https:\/\/twitter.com\/pedroisandretta\/statuses\/1232047830736474114\">Source<\/a> by <a href=\"https:\/\/t.co\/MfIsGWjH1p\">Pedro Andretta<\/a><\/p>\n","protected":false},"excerpt":{"rendered":"<p>[ad_1] Lan\u00e7ado \u201cT\u00f3picos para o ensino de biblioteconomia: volume II\u201d, Organizado pelos profs Jos\u00e9 Fernando Modesto da Silva e Francisco Carlos Paletta | #BibliotecaDigital #An\u00e1liseDocument\u00e1ria #RDA #HumanidadesDigitais #Biblioteconomia #A\u00e7\u00e3oCultural #HQ Ver https:\/\/t.co\/q3mzaej6Ai pic.twitter.com\/jWKrxRtKtT \u2014 Pedro Andretta (@pedroisandretta) February 24, 2020 [ad_2] Source by Pedro Andretta<\/p>\n","protected":false},"author":1,"featured_media":4361,"comment_status":"open","ping_status":"open","sticky":false,"template":"","format":"standard","meta":{"_jetpack_memberships_contains_paid_content":false,"footnotes":"","jetpack_publicize_message":"","jetpack_publicize_feature_enabled":true,"jetpack_social_post_already_shared":true,"jetpack_social_options":{"image_generator_settings":{"template":"highway","default_image_id":0,"font":"","enabled":false},"version":2}},"categories":[21],"tags":[728,526,376,33,1680,32,455],"class_list":["post-4360","post","type-post","status-publish","format-standard","has-post-thumbnail","hentry","category-informeci","tag-acaocultural","tag-analisedocumentaria","tag-bibliotecasdigitais","tag-biblioteconomia","tag-historiasemquadrinhos","tag-humanidadesdigitais","tag-rda"],"jetpack_publicize_connections":[],"jetpack_featured_media_url":"https:\/\/i0.wp.com\/www.pedroandretta.info\/index\/wp-content\/uploads\/2020\/02\/Lan%C3%A7ado-%E2%80%9CT%C3%B3picos-para-o-ensino-de-biblioteconomia-volume-II%E2%80%9D-Organizado.jpg?fit=640%2C846&ssl=1","views":"","jetpack_sharing_enabled":true,"_links":{"self":[{"href":"https:\/\/www.pedroandretta.info\/index\/wp-json\/wp\/v2\/posts\/4360","targetHints":{"allow":["GET"]}}],"collection":[{"href":"https:\/\/www.pedroandretta.info\/index\/wp-json\/wp\/v2\/posts"}],"about":[{"href":"https:\/\/www.pedroandretta.info\/index\/wp-json\/wp\/v2\/types\/post"}],"author":[{"embeddable":true,"href":"https:\/\/www.pedroandretta.info\/index\/wp-json\/wp\/v2\/users\/1"}],"replies":[{"embeddable":true,"href":"https:\/\/www.pedroandretta.info\/index\/wp-json\/wp\/v2\/comments?post=4360"}],"version-history":[{"count":0,"href":"https:\/\/www.pedroandretta.info\/index\/wp-json\/wp\/v2\/posts\/4360\/revisions"}],"wp:featuredmedia":[{"embeddable":true,"href":"https:\/\/www.pedroandretta.info\/index\/wp-json\/wp\/v2\/media\/4361"}],"wp:attachment":[{"href":"https:\/\/www.pedroandretta.info\/index\/wp-json\/wp\/v2\/media?parent=4360"}],"wp:term":[{"taxonomy":"category","embeddable":true,"href":"https:\/\/www.pedroandretta.info\/index\/wp-json\/wp\/v2\/categories?post=4360"},{"taxonomy":"post_tag","embeddable":true,"href":"https:\/\/www.pedroandretta.info\/index\/wp-json\/wp\/v2\/tags?post=4360"}],"curies":[{"name":"wp","href":"https:\/\/api.w.org\/{rel}","templated":true}]}}