{"id":4510,"date":"2020-03-09T05:37:24","date_gmt":"2020-03-09T05:37:24","guid":{"rendered":"https:\/\/www.pedroandretta.info\/index\/?p=4510"},"modified":"2020-03-09T05:37:24","modified_gmt":"2020-03-09T05:37:24","slug":"editora-desiste-de-publicar-livro-de-woody-allen-apos-protesto-de-funcionarios","status":"publish","type":"post","link":"https:\/\/www.pedroandretta.info\/index\/2020\/03\/editora-desiste-de-publicar-livro-de-woody-allen-apos-protesto-de-funcionarios\/","title":{"rendered":"Editora desiste de publicar livro de Woody Allen ap\u00f3s protesto de funcion\u00e1rios |&#8230;"},"content":{"rendered":"<p>[ad_1]<br \/>\n<img data-recalc-dims=\"1\" decoding=\"async\" src=\"https:\/\/i0.wp.com\/www.pedroandretta.info\/index\/wp-content\/uploads\/2020\/03\/Editora-desiste-de-publicar-livro-de-Woody-Allen-apos-protesto.jpg?w=696&#038;ssl=1\"\/><\/p>\n<blockquote class=\"twitter-tweet\">\n<p lang=\"pt\" dir=\"ltr\">Editora desiste de publicar livro de Woody Allen ap\u00f3s protesto de funcion\u00e1rios |\u201cA editora Hachette Book Group, uma das maiores dos Estados Unidos, anunciou em comunicado \u00e0 imprensa americana que n\u00e3o publicar\u00e1 o livro de <a target=\"_blank\" href=\"https:\/\/twitter.com\/hashtag\/mem%C3%B3rias?src=hash&amp;ref_src=twsrc%5Etfw\" rel=\"noopener noreferrer\">#mem\u00f3rias<\/a> de Woody Allen\u201d via Folha <a target=\"_blank\" href=\"https:\/\/t.co\/oDBuQq4Ip1\" rel=\"noopener noreferrer\">https:\/\/t.co\/oDBuQq4Ip1<\/a><\/p>\n<p>&mdash; Pedro Andretta (@pedroisandretta) <a target=\"_blank\" href=\"https:\/\/twitter.com\/pedroisandretta\/status\/1236888798384005120?ref_src=twsrc%5Etfw\" rel=\"noopener noreferrer\">March 9, 2020<\/a><\/p><\/blockquote>\n<p><script async src=\"https:\/\/platform.twitter.com\/widgets.js\" charset=\"utf-8\"><\/script><\/p>\n<p>[ad_2]<br \/>\n<br \/><a href=\"https:\/\/twitter.com\/pedroisandretta\/statuses\/1236888798384005120\">Source<\/a> by <a href=\"https:\/\/t.co\/MfIsGWjH1p\">Pedro Andretta<\/a><\/p>\n","protected":false},"excerpt":{"rendered":"<p>[ad_1] Editora desiste de publicar livro de Woody Allen ap\u00f3s protesto de funcion\u00e1rios |\u201cA editora Hachette Book Group, uma das maiores dos Estados Unidos, anunciou em comunicado \u00e0 imprensa americana que n\u00e3o publicar\u00e1 o livro de #mem\u00f3rias de Woody Allen\u201d via Folha https:\/\/t.co\/oDBuQq4Ip1 &mdash; Pedro Andretta (@pedroisandretta) March 9, 2020 [ad_2] Source by Pedro Andretta<\/p>\n","protected":false},"author":1,"featured_media":4511,"comment_status":"open","ping_status":"open","sticky":false,"template":"","format":"standard","meta":{"_jetpack_memberships_contains_paid_content":false,"footnotes":"","jetpack_publicize_message":"","jetpack_publicize_feature_enabled":true,"jetpack_social_post_already_shared":true,"jetpack_social_options":{"image_generator_settings":{"template":"highway","default_image_id":0,"font":"","enabled":false},"version":2}},"categories":[21],"tags":[578],"class_list":["post-4510","post","type-post","status-publish","format-standard","has-post-thumbnail","hentry","category-informeci","tag-memorias"],"jetpack_publicize_connections":[],"jetpack_featured_media_url":"https:\/\/i0.wp.com\/www.pedroandretta.info\/index\/wp-content\/uploads\/2020\/03\/Editora-desiste-de-publicar-livro-de-Woody-Allen-apos-protesto.jpg?fit=2400%2C1600&ssl=1","views":"","jetpack_sharing_enabled":true,"_links":{"self":[{"href":"https:\/\/www.pedroandretta.info\/index\/wp-json\/wp\/v2\/posts\/4510","targetHints":{"allow":["GET"]}}],"collection":[{"href":"https:\/\/www.pedroandretta.info\/index\/wp-json\/wp\/v2\/posts"}],"about":[{"href":"https:\/\/www.pedroandretta.info\/index\/wp-json\/wp\/v2\/types\/post"}],"author":[{"embeddable":true,"href":"https:\/\/www.pedroandretta.info\/index\/wp-json\/wp\/v2\/users\/1"}],"replies":[{"embeddable":true,"href":"https:\/\/www.pedroandretta.info\/index\/wp-json\/wp\/v2\/comments?post=4510"}],"version-history":[{"count":0,"href":"https:\/\/www.pedroandretta.info\/index\/wp-json\/wp\/v2\/posts\/4510\/revisions"}],"wp:featuredmedia":[{"embeddable":true,"href":"https:\/\/www.pedroandretta.info\/index\/wp-json\/wp\/v2\/media\/4511"}],"wp:attachment":[{"href":"https:\/\/www.pedroandretta.info\/index\/wp-json\/wp\/v2\/media?parent=4510"}],"wp:term":[{"taxonomy":"category","embeddable":true,"href":"https:\/\/www.pedroandretta.info\/index\/wp-json\/wp\/v2\/categories?post=4510"},{"taxonomy":"post_tag","embeddable":true,"href":"https:\/\/www.pedroandretta.info\/index\/wp-json\/wp\/v2\/tags?post=4510"}],"curies":[{"name":"wp","href":"https:\/\/api.w.org\/{rel}","templated":true}]}}