{"id":4515,"date":"2020-03-09T05:30:37","date_gmt":"2020-03-09T05:30:37","guid":{"rendered":"https:\/\/www.pedroandretta.info\/index\/?p=4515"},"modified":"2020-03-09T05:30:37","modified_gmt":"2020-03-09T05:30:37","slug":"emblematicos-os-livros-mais-iconicos-do-renascimento-ao-juntar-textos-e-ima","status":"publish","type":"post","link":"https:\/\/www.pedroandretta.info\/index\/2020\/03\/emblematicos-os-livros-mais-iconicos-do-renascimento-ao-juntar-textos-e-ima\/","title":{"rendered":"Emblem\u00e1ticos: os #livros mais ic\u00f4nicos do Renascimento | \u201cAo juntar textos e ima&#8230;"},"content":{"rendered":"<p>[ad_1]<br \/>\n<img data-recalc-dims=\"1\" decoding=\"async\" src=\"https:\/\/i0.wp.com\/www.pedroandretta.info\/index\/wp-content\/uploads\/2020\/03\/Emblematicos-os-livros-mais-iconicos-do-Renascimento-%E2%80%9CAo-juntar.jpg?w=696&#038;ssl=1\"\/><\/p>\n<blockquote class=\"twitter-tweet\">\n<p lang=\"pt\" dir=\"ltr\">Emblem\u00e1ticos: os <a target=\"_blank\" href=\"https:\/\/twitter.com\/hashtag\/livros?src=hash&amp;ref_src=twsrc%5Etfw\" rel=\"noopener noreferrer\">#livros<\/a> mais ic\u00f4nicos do Renascimento | \u201cAo juntar textos e imagens, as colet\u00e2neas de emblemas inauguraram uma est\u00e9tica que pode ser considerada o ancestral gr\u00e1fico do <a target=\"_blank\" href=\"https:\/\/twitter.com\/hashtag\/meme?src=hash&amp;ref_src=twsrc%5Etfw\" rel=\"noopener noreferrer\">#meme<\/a> \u201d <a target=\"_blank\" href=\"https:\/\/twitter.com\/hashtag\/leituraescritaecultura?src=hash&amp;ref_src=twsrc%5Etfw\" rel=\"noopener noreferrer\">#leituraescritaecultura<\/a> via hypercubic <a target=\"_blank\" href=\"https:\/\/t.co\/mKnvw1Gcj9\" rel=\"noopener noreferrer\">https:\/\/t.co\/mKnvw1Gcj9<\/a><\/p>\n<p>&mdash; Pedro Andretta (@pedroisandretta) <a target=\"_blank\" href=\"https:\/\/twitter.com\/pedroisandretta\/status\/1236887090987773952?ref_src=twsrc%5Etfw\" rel=\"noopener noreferrer\">March 9, 2020<\/a><\/p><\/blockquote>\n<p><script async src=\"https:\/\/platform.twitter.com\/widgets.js\" charset=\"utf-8\"><\/script><\/p>\n<p>[ad_2]<br \/>\n<br \/><a href=\"https:\/\/twitter.com\/pedroisandretta\/statuses\/1236887090987773952\">Source<\/a> by <a href=\"https:\/\/t.co\/MfIsGWjH1p\">Pedro Andretta<\/a><\/p>\n","protected":false},"excerpt":{"rendered":"<p>[ad_1] Emblem\u00e1ticos: os #livros mais ic\u00f4nicos do Renascimento | \u201cAo juntar textos e imagens, as colet\u00e2neas de emblemas inauguraram uma est\u00e9tica que pode ser considerada o ancestral gr\u00e1fico do #meme \u201d #leituraescritaecultura via hypercubic https:\/\/t.co\/mKnvw1Gcj9 &mdash; Pedro Andretta (@pedroisandretta) March 9, 2020 [ad_2] Source by Pedro Andretta<\/p>\n","protected":false},"author":1,"featured_media":4516,"comment_status":"open","ping_status":"open","sticky":false,"template":"","format":"standard","meta":{"_jetpack_memberships_contains_paid_content":false,"footnotes":"","jetpack_publicize_message":"","jetpack_publicize_feature_enabled":true,"jetpack_social_post_already_shared":true,"jetpack_social_options":{"image_generator_settings":{"template":"highway","default_image_id":0,"font":"","enabled":false},"version":2}},"categories":[21],"tags":[434,63,1294],"class_list":["post-4515","post","type-post","status-publish","format-standard","has-post-thumbnail","hentry","category-informeci","tag-leituraescritaecultura","tag-livros","tag-memes"],"jetpack_publicize_connections":[],"jetpack_featured_media_url":"https:\/\/i0.wp.com\/www.pedroandretta.info\/index\/wp-content\/uploads\/2020\/03\/Emblematicos-os-livros-mais-iconicos-do-Renascimento-%E2%80%9CAo-juntar.jpg?fit=410%2C500&ssl=1","views":"","jetpack_sharing_enabled":true,"_links":{"self":[{"href":"https:\/\/www.pedroandretta.info\/index\/wp-json\/wp\/v2\/posts\/4515","targetHints":{"allow":["GET"]}}],"collection":[{"href":"https:\/\/www.pedroandretta.info\/index\/wp-json\/wp\/v2\/posts"}],"about":[{"href":"https:\/\/www.pedroandretta.info\/index\/wp-json\/wp\/v2\/types\/post"}],"author":[{"embeddable":true,"href":"https:\/\/www.pedroandretta.info\/index\/wp-json\/wp\/v2\/users\/1"}],"replies":[{"embeddable":true,"href":"https:\/\/www.pedroandretta.info\/index\/wp-json\/wp\/v2\/comments?post=4515"}],"version-history":[{"count":0,"href":"https:\/\/www.pedroandretta.info\/index\/wp-json\/wp\/v2\/posts\/4515\/revisions"}],"wp:featuredmedia":[{"embeddable":true,"href":"https:\/\/www.pedroandretta.info\/index\/wp-json\/wp\/v2\/media\/4516"}],"wp:attachment":[{"href":"https:\/\/www.pedroandretta.info\/index\/wp-json\/wp\/v2\/media?parent=4515"}],"wp:term":[{"taxonomy":"category","embeddable":true,"href":"https:\/\/www.pedroandretta.info\/index\/wp-json\/wp\/v2\/categories?post=4515"},{"taxonomy":"post_tag","embeddable":true,"href":"https:\/\/www.pedroandretta.info\/index\/wp-json\/wp\/v2\/tags?post=4515"}],"curies":[{"name":"wp","href":"https:\/\/api.w.org\/{rel}","templated":true}]}}