{"id":4543,"date":"2020-03-11T04:20:16","date_gmt":"2020-03-11T04:20:16","guid":{"rendered":"https:\/\/www.pedroandretta.info\/index\/?p=4543"},"modified":"2020-03-11T04:20:16","modified_gmt":"2020-03-11T04:20:16","slug":"direito-autoral-deve-ser-respeitado-mesmo-que-foto-esteja-disponivel-na-internet","status":"publish","type":"post","link":"https:\/\/www.pedroandretta.info\/index\/2020\/03\/direito-autoral-deve-ser-respeitado-mesmo-que-foto-esteja-disponivel-na-internet\/","title":{"rendered":"Direito autoral deve ser respeitado mesmo que foto esteja dispon\u00edvel na internet&#8230;"},"content":{"rendered":"<p>[ad_1]<\/p>\n<blockquote class=\"twitter-tweet\">\n<p lang=\"pt\" dir=\"ltr\">Direito autoral deve ser respeitado mesmo que foto esteja dispon\u00edvel na internet | \u201c[&#8230;] o fato da <a target=\"_blank\" href=\"https:\/\/twitter.com\/hashtag\/imagem?src=hash&amp;ref_src=twsrc%5Etfw\" rel=\"noopener noreferrer\">#imagem<\/a> estar dispon\u00edvel na internet, [&#8230;] n\u00e3o isenta o usu\u00e1rio da obriga\u00e7\u00e3o de respeitar os direitos autorais do autor.\u201d <a target=\"_blank\" href=\"https:\/\/twitter.com\/hashtag\/direitosautorais?src=hash&amp;ref_src=twsrc%5Etfw\" rel=\"noopener noreferrer\">#direitosautorais<\/a> via CRB-8 <a target=\"_blank\" href=\"https:\/\/t.co\/Pv1sXB5l1V\" rel=\"noopener noreferrer\">https:\/\/t.co\/Pv1sXB5l1V<\/a><\/p>\n<p>&mdash; Pedro Andretta (@pedroisandretta) <a target=\"_blank\" href=\"https:\/\/twitter.com\/pedroisandretta\/status\/1237594162930651138?ref_src=twsrc%5Etfw\" rel=\"noopener noreferrer\">March 11, 2020<\/a><\/p><\/blockquote>\n<p><script async src=\"https:\/\/platform.twitter.com\/widgets.js\" charset=\"utf-8\"><\/script><\/p>\n<p>[ad_2]<br \/>\n<br \/><a href=\"https:\/\/twitter.com\/pedroisandretta\/statuses\/1237594162930651138\">Source<\/a> by <a href=\"https:\/\/t.co\/MfIsGWjH1p\">Pedro Andretta<\/a><\/p>\n","protected":false},"excerpt":{"rendered":"<p>[ad_1] Direito autoral deve ser respeitado mesmo que foto esteja dispon\u00edvel na internet | \u201c[&#8230;] o fato da #imagem estar dispon\u00edvel na internet, [&#8230;] n\u00e3o isenta o usu\u00e1rio da obriga\u00e7\u00e3o de respeitar os direitos autorais do autor.\u201d #direitosautorais via CRB-8 https:\/\/t.co\/Pv1sXB5l1V &mdash; Pedro Andretta (@pedroisandretta) March 11, 2020 [ad_2] Source by Pedro Andretta<\/p>\n","protected":false},"author":1,"featured_media":0,"comment_status":"open","ping_status":"open","sticky":false,"template":"","format":"standard","meta":{"_jetpack_memberships_contains_paid_content":false,"footnotes":"","jetpack_publicize_message":"","jetpack_publicize_feature_enabled":true,"jetpack_social_post_already_shared":true,"jetpack_social_options":{"image_generator_settings":{"template":"highway","default_image_id":0,"font":"","enabled":false},"version":2}},"categories":[21],"tags":[301,278],"class_list":["post-4543","post","type-post","status-publish","format-standard","hentry","category-informeci","tag-direitosautorais","tag-imagens"],"jetpack_publicize_connections":[],"jetpack_featured_media_url":"","views":"","jetpack_sharing_enabled":true,"_links":{"self":[{"href":"https:\/\/www.pedroandretta.info\/index\/wp-json\/wp\/v2\/posts\/4543","targetHints":{"allow":["GET"]}}],"collection":[{"href":"https:\/\/www.pedroandretta.info\/index\/wp-json\/wp\/v2\/posts"}],"about":[{"href":"https:\/\/www.pedroandretta.info\/index\/wp-json\/wp\/v2\/types\/post"}],"author":[{"embeddable":true,"href":"https:\/\/www.pedroandretta.info\/index\/wp-json\/wp\/v2\/users\/1"}],"replies":[{"embeddable":true,"href":"https:\/\/www.pedroandretta.info\/index\/wp-json\/wp\/v2\/comments?post=4543"}],"version-history":[{"count":0,"href":"https:\/\/www.pedroandretta.info\/index\/wp-json\/wp\/v2\/posts\/4543\/revisions"}],"wp:attachment":[{"href":"https:\/\/www.pedroandretta.info\/index\/wp-json\/wp\/v2\/media?parent=4543"}],"wp:term":[{"taxonomy":"category","embeddable":true,"href":"https:\/\/www.pedroandretta.info\/index\/wp-json\/wp\/v2\/categories?post=4543"},{"taxonomy":"post_tag","embeddable":true,"href":"https:\/\/www.pedroandretta.info\/index\/wp-json\/wp\/v2\/tags?post=4543"}],"curies":[{"name":"wp","href":"https:\/\/api.w.org\/{rel}","templated":true}]}}