{"id":4573,"date":"2020-03-13T07:31:55","date_gmt":"2020-03-13T07:31:55","guid":{"rendered":"https:\/\/www.pedroandretta.info\/index\/?p=4573"},"modified":"2020-03-13T07:31:55","modified_gmt":"2020-03-13T07:31:55","slug":"repercute-mal-mensagem-de-primeira-dama-ao-diadobibliotecario-o-profissionais","status":"publish","type":"post","link":"https:\/\/www.pedroandretta.info\/index\/2020\/03\/repercute-mal-mensagem-de-primeira-dama-ao-diadobibliotecario-o-profissionais\/","title":{"rendered":"Repercute mal mensagem de primeira-dama ao #diadobibliotec\u00e1rio |\u201cO profissionais&#8230;"},"content":{"rendered":"<p>[ad_1]<br \/>\n<img data-recalc-dims=\"1\" decoding=\"async\" src=\"https:\/\/i0.wp.com\/www.pedroandretta.info\/index\/wp-content\/uploads\/2020\/03\/Repercute-mal-mensagem-de-primeira-dama-ao-diadobibliotecario-%E2%80%9CO-profissionais.jpg?w=696&#038;ssl=1\"\/><\/p>\n<blockquote class=\"twitter-tweet\">\n<p lang=\"pt\" dir=\"ltr\">Repercute mal mensagem de primeira-dama ao <a target=\"_blank\" href=\"https:\/\/twitter.com\/hashtag\/diadobibliotec%C3%A1rio?src=hash&amp;ref_src=twsrc%5Etfw\" rel=\"noopener noreferrer\">#diadobibliotec\u00e1rio<\/a> |\u201cO profissionais criticaram o CRB-1 por apoiar as declara\u00e7\u00f5es da primeira-dama divulgando o v\u00eddeo em seus canais [&#8230;]\u201d(CRB-1 pecou por omiss\u00e3o, por n\u00e3o se posicionar criticamente!) &#8211; Biblioo <a target=\"_blank\" href=\"https:\/\/t.co\/ha9EJbgaNF\" rel=\"noopener noreferrer\">https:\/\/t.co\/ha9EJbgaNF<\/a><\/p>\n<p>&mdash; Pedro Andretta (@pedroisandretta) <a target=\"_blank\" href=\"https:\/\/twitter.com\/pedroisandretta\/status\/1238367171002187776?ref_src=twsrc%5Etfw\" rel=\"noopener noreferrer\">March 13, 2020<\/a><\/p><\/blockquote>\n<p><script async src=\"https:\/\/platform.twitter.com\/widgets.js\" charset=\"utf-8\"><\/script><\/p>\n<p>[ad_2]<br \/>\n<br \/><a href=\"https:\/\/twitter.com\/pedroisandretta\/statuses\/1238367171002187776\">Source<\/a> by <a href=\"https:\/\/t.co\/MfIsGWjH1p\">Pedro Andretta<\/a><\/p>\n","protected":false},"excerpt":{"rendered":"<p>[ad_1] Repercute mal mensagem de primeira-dama ao #diadobibliotec\u00e1rio |\u201cO profissionais criticaram o CRB-1 por apoiar as declara\u00e7\u00f5es da primeira-dama divulgando o v\u00eddeo em seus canais [&#8230;]\u201d(CRB-1 pecou por omiss\u00e3o, por n\u00e3o se posicionar criticamente!) &#8211; Biblioo https:\/\/t.co\/ha9EJbgaNF &mdash; Pedro Andretta (@pedroisandretta) March 13, 2020 [ad_2] Source by Pedro Andretta<\/p>\n","protected":false},"author":1,"featured_media":4574,"comment_status":"open","ping_status":"open","sticky":false,"template":"","format":"standard","meta":{"_jetpack_memberships_contains_paid_content":false,"footnotes":"","jetpack_publicize_message":"","jetpack_publicize_feature_enabled":true,"jetpack_social_post_already_shared":true,"jetpack_social_options":{"image_generator_settings":{"template":"highway","default_image_id":0,"font":"","enabled":false},"version":2}},"categories":[21],"tags":[600],"class_list":["post-4573","post","type-post","status-publish","format-standard","has-post-thumbnail","hentry","category-informeci","tag-diadobibliotecario"],"jetpack_publicize_connections":[],"jetpack_featured_media_url":"https:\/\/i0.wp.com\/www.pedroandretta.info\/index\/wp-content\/uploads\/2020\/03\/Repercute-mal-mensagem-de-primeira-dama-ao-diadobibliotec%C3%A1rio-%E2%80%9CO-profissionais.jpg?fit=1500%2C550&ssl=1","views":"","jetpack_sharing_enabled":true,"_links":{"self":[{"href":"https:\/\/www.pedroandretta.info\/index\/wp-json\/wp\/v2\/posts\/4573","targetHints":{"allow":["GET"]}}],"collection":[{"href":"https:\/\/www.pedroandretta.info\/index\/wp-json\/wp\/v2\/posts"}],"about":[{"href":"https:\/\/www.pedroandretta.info\/index\/wp-json\/wp\/v2\/types\/post"}],"author":[{"embeddable":true,"href":"https:\/\/www.pedroandretta.info\/index\/wp-json\/wp\/v2\/users\/1"}],"replies":[{"embeddable":true,"href":"https:\/\/www.pedroandretta.info\/index\/wp-json\/wp\/v2\/comments?post=4573"}],"version-history":[{"count":0,"href":"https:\/\/www.pedroandretta.info\/index\/wp-json\/wp\/v2\/posts\/4573\/revisions"}],"wp:featuredmedia":[{"embeddable":true,"href":"https:\/\/www.pedroandretta.info\/index\/wp-json\/wp\/v2\/media\/4574"}],"wp:attachment":[{"href":"https:\/\/www.pedroandretta.info\/index\/wp-json\/wp\/v2\/media?parent=4573"}],"wp:term":[{"taxonomy":"category","embeddable":true,"href":"https:\/\/www.pedroandretta.info\/index\/wp-json\/wp\/v2\/categories?post=4573"},{"taxonomy":"post_tag","embeddable":true,"href":"https:\/\/www.pedroandretta.info\/index\/wp-json\/wp\/v2\/tags?post=4573"}],"curies":[{"name":"wp","href":"https:\/\/api.w.org\/{rel}","templated":true}]}}