{"id":4630,"date":"2020-03-17T05:39:53","date_gmt":"2020-03-17T05:39:53","guid":{"rendered":"https:\/\/www.pedroandretta.info\/index\/?p=4630"},"modified":"2020-03-17T05:39:53","modified_gmt":"2020-03-17T05:39:53","slug":"a-pandemia-na-literatura-retratos-intemporais-e-preditores-se-a-sua-bibliotec","status":"publish","type":"post","link":"https:\/\/www.pedroandretta.info\/index\/2020\/03\/a-pandemia-na-literatura-retratos-intemporais-e-preditores-se-a-sua-bibliotec\/","title":{"rendered":"A pandemia na literatura: retratos intemporais e preditores | Se a sua bibliotec&#8230;"},"content":{"rendered":"<p>[ad_1]<\/p>\n<blockquote class=\"twitter-tweet\">\n<p lang=\"pt\" dir=\"ltr\">A pandemia na literatura: retratos intemporais e preditores | Se a sua biblioteca estiver aberta, vc pode fazer uma exposi\u00e7\u00e3o de livro, juntamente com uma campanha para evitar o p\u00e2nico e educar os usu\u00e1rios sobre os cuidados nessa \u00e9poca ! <a target=\"_blank\" href=\"https:\/\/twitter.com\/hashtag\/listasdelivros?src=hash&amp;ref_src=twsrc%5Etfw\" rel=\"noopener noreferrer\">#listasdelivros<\/a> <a target=\"_blank\" href=\"https:\/\/t.co\/eqKlCZcAat\" rel=\"noopener noreferrer\">https:\/\/t.co\/eqKlCZcAat<\/a><\/p>\n<p>&mdash; Pedro Andretta (@pedroisandretta) <a target=\"_blank\" href=\"https:\/\/twitter.com\/pedroisandretta\/status\/1239788525291278336?ref_src=twsrc%5Etfw\" rel=\"noopener noreferrer\">March 17, 2020<\/a><\/p><\/blockquote>\n<p><script async src=\"https:\/\/platform.twitter.com\/widgets.js\" charset=\"utf-8\"><\/script><\/p>\n<p>[ad_2]<br \/>\n<br \/><a href=\"https:\/\/twitter.com\/pedroisandretta\/statuses\/1239788525291278336\">Source<\/a> by <a href=\"https:\/\/t.co\/MfIsGWjH1p\">Pedro Andretta<\/a><\/p>\n","protected":false},"excerpt":{"rendered":"<p>[ad_1] A pandemia na literatura: retratos intemporais e preditores | Se a sua biblioteca estiver aberta, vc pode fazer uma exposi\u00e7\u00e3o de livro, juntamente com uma campanha para evitar o p\u00e2nico e educar os usu\u00e1rios sobre os cuidados nessa \u00e9poca ! #listasdelivros https:\/\/t.co\/eqKlCZcAat &mdash; Pedro Andretta (@pedroisandretta) March 17, 2020 [ad_2] Source by Pedro Andretta<\/p>\n","protected":false},"author":1,"featured_media":0,"comment_status":"open","ping_status":"open","sticky":false,"template":"","format":"standard","meta":{"_jetpack_memberships_contains_paid_content":false,"footnotes":"","jetpack_publicize_message":"","jetpack_publicize_feature_enabled":true,"jetpack_social_post_already_shared":true,"jetpack_social_options":{"image_generator_settings":{"template":"highway","default_image_id":0,"font":"","enabled":false},"version":2}},"categories":[21],"tags":[537],"class_list":["post-4630","post","type-post","status-publish","format-standard","hentry","category-informeci","tag-listasdelivros"],"jetpack_publicize_connections":[],"jetpack_featured_media_url":"","views":"","jetpack_sharing_enabled":true,"_links":{"self":[{"href":"https:\/\/www.pedroandretta.info\/index\/wp-json\/wp\/v2\/posts\/4630","targetHints":{"allow":["GET"]}}],"collection":[{"href":"https:\/\/www.pedroandretta.info\/index\/wp-json\/wp\/v2\/posts"}],"about":[{"href":"https:\/\/www.pedroandretta.info\/index\/wp-json\/wp\/v2\/types\/post"}],"author":[{"embeddable":true,"href":"https:\/\/www.pedroandretta.info\/index\/wp-json\/wp\/v2\/users\/1"}],"replies":[{"embeddable":true,"href":"https:\/\/www.pedroandretta.info\/index\/wp-json\/wp\/v2\/comments?post=4630"}],"version-history":[{"count":0,"href":"https:\/\/www.pedroandretta.info\/index\/wp-json\/wp\/v2\/posts\/4630\/revisions"}],"wp:attachment":[{"href":"https:\/\/www.pedroandretta.info\/index\/wp-json\/wp\/v2\/media?parent=4630"}],"wp:term":[{"taxonomy":"category","embeddable":true,"href":"https:\/\/www.pedroandretta.info\/index\/wp-json\/wp\/v2\/categories?post=4630"},{"taxonomy":"post_tag","embeddable":true,"href":"https:\/\/www.pedroandretta.info\/index\/wp-json\/wp\/v2\/tags?post=4630"}],"curies":[{"name":"wp","href":"https:\/\/api.w.org\/{rel}","templated":true}]}}