{"id":4695,"date":"2020-03-20T00:44:01","date_gmt":"2020-03-20T00:44:01","guid":{"rendered":"https:\/\/www.pedroandretta.info\/index\/?p=4695"},"modified":"2020-03-20T00:44:01","modified_gmt":"2020-03-20T00:44:01","slug":"os-8-pontos-da-declaracao-do-icolc-international-coalition-of-library-consortia","status":"publish","type":"post","link":"https:\/\/www.pedroandretta.info\/index\/2020\/03\/os-8-pontos-da-declaracao-do-icolc-international-coalition-of-library-consortia\/","title":{"rendered":"Os 8 pontos da declara\u00e7\u00e3o do ICOLC (International Coalition of Library Consortia&#8230;"},"content":{"rendered":"<p>[ad_1]<br \/>\n<img data-recalc-dims=\"1\" decoding=\"async\" src=\"https:\/\/i0.wp.com\/www.pedroandretta.info\/index\/wp-content\/uploads\/2020\/03\/Os-8-pontos-da-declaracao-do-ICOLC-International-Coalition-of.jpg?w=696&#038;ssl=1\"\/><\/p>\n<blockquote class=\"twitter-tweet\">\n<p lang=\"pt\" dir=\"ltr\">Os 8 pontos da declara\u00e7\u00e3o do ICOLC (International Coalition of Library Consortia) sobre a pandemia global COVID-19 e seu impacto nos servi\u00e7os e recursos das bibliotecas|( <a target=\"_blank\" href=\"https:\/\/twitter.com\/hashtag\/ICOLC?src=hash&amp;ref_src=twsrc%5Etfw\" rel=\"noopener noreferrer\">#ICOLC<\/a> \u00e9 um grupo informal e autoorganizado, conhe\u00e7a!) \ud83c\uddea\ud83c\uddf8 via \u2066<a target=\"_blank\" href=\"https:\/\/twitter.com\/grupobaratz?ref_src=twsrc%5Etfw\" rel=\"noopener noreferrer\">@grupobaratz<\/a>\u2069  <a target=\"_blank\" href=\"https:\/\/t.co\/dbek6fBlkl\" rel=\"noopener noreferrer\">https:\/\/t.co\/dbek6fBlkl<\/a><\/p>\n<p>&mdash; Pedro Andretta (@pedroisandretta) <a target=\"_blank\" href=\"https:\/\/twitter.com\/pedroisandretta\/status\/1240801232710774784?ref_src=twsrc%5Etfw\" rel=\"noopener noreferrer\">March 20, 2020<\/a><\/p><\/blockquote>\n<p><script async src=\"https:\/\/platform.twitter.com\/widgets.js\" charset=\"utf-8\"><\/script><\/p>\n<p>[ad_2]<br \/>\n<br \/><a href=\"https:\/\/twitter.com\/pedroisandretta\/statuses\/1240801232710774784\">Source<\/a> by <a href=\"https:\/\/t.co\/MfIsGWjH1p\">Pedro Andretta<\/a><\/p>\n","protected":false},"excerpt":{"rendered":"<p>[ad_1] Os 8 pontos da declara\u00e7\u00e3o do ICOLC (International Coalition of Library Consortia) sobre a pandemia global COVID-19 e seu impacto nos servi\u00e7os e recursos das bibliotecas|( #ICOLC \u00e9 um grupo informal e autoorganizado, conhe\u00e7a!) \ud83c\uddea\ud83c\uddf8 via \u2066@grupobaratz\u2069 https:\/\/t.co\/dbek6fBlkl &mdash; Pedro Andretta (@pedroisandretta) March 20, 2020 [ad_2] Source by Pedro Andretta<\/p>\n","protected":false},"author":1,"featured_media":4696,"comment_status":"open","ping_status":"open","sticky":false,"template":"","format":"standard","meta":{"_jetpack_memberships_contains_paid_content":false,"footnotes":"","jetpack_publicize_message":"","jetpack_publicize_feature_enabled":true,"jetpack_social_post_already_shared":true,"jetpack_social_options":{"image_generator_settings":{"template":"highway","default_image_id":0,"font":"","enabled":false},"version":2}},"categories":[21],"tags":[632],"class_list":["post-4695","post","type-post","status-publish","format-standard","has-post-thumbnail","hentry","category-informeci","tag-icolc"],"jetpack_publicize_connections":[],"jetpack_featured_media_url":"https:\/\/i0.wp.com\/www.pedroandretta.info\/index\/wp-content\/uploads\/2020\/03\/Os-8-pontos-da-declaracao-do-ICOLC-International-Coalition-of.jpg?fit=1000%2C787&ssl=1","views":"","jetpack_sharing_enabled":true,"_links":{"self":[{"href":"https:\/\/www.pedroandretta.info\/index\/wp-json\/wp\/v2\/posts\/4695","targetHints":{"allow":["GET"]}}],"collection":[{"href":"https:\/\/www.pedroandretta.info\/index\/wp-json\/wp\/v2\/posts"}],"about":[{"href":"https:\/\/www.pedroandretta.info\/index\/wp-json\/wp\/v2\/types\/post"}],"author":[{"embeddable":true,"href":"https:\/\/www.pedroandretta.info\/index\/wp-json\/wp\/v2\/users\/1"}],"replies":[{"embeddable":true,"href":"https:\/\/www.pedroandretta.info\/index\/wp-json\/wp\/v2\/comments?post=4695"}],"version-history":[{"count":0,"href":"https:\/\/www.pedroandretta.info\/index\/wp-json\/wp\/v2\/posts\/4695\/revisions"}],"wp:featuredmedia":[{"embeddable":true,"href":"https:\/\/www.pedroandretta.info\/index\/wp-json\/wp\/v2\/media\/4696"}],"wp:attachment":[{"href":"https:\/\/www.pedroandretta.info\/index\/wp-json\/wp\/v2\/media?parent=4695"}],"wp:term":[{"taxonomy":"category","embeddable":true,"href":"https:\/\/www.pedroandretta.info\/index\/wp-json\/wp\/v2\/categories?post=4695"},{"taxonomy":"post_tag","embeddable":true,"href":"https:\/\/www.pedroandretta.info\/index\/wp-json\/wp\/v2\/tags?post=4695"}],"curies":[{"name":"wp","href":"https:\/\/api.w.org\/{rel}","templated":true}]}}