{"id":4705,"date":"2020-03-21T12:55:39","date_gmt":"2020-03-21T12:55:39","guid":{"rendered":"https:\/\/www.pedroandretta.info\/index\/?p=4705"},"modified":"2020-03-21T12:55:39","modified_gmt":"2020-03-21T12:55:39","slug":"forum-virtual-bibliotecasencasa-como-as-bibliotecas-podem-estender-seus-servi","status":"publish","type":"post","link":"https:\/\/www.pedroandretta.info\/index\/2020\/03\/forum-virtual-bibliotecasencasa-como-as-bibliotecas-podem-estender-seus-servi\/","title":{"rendered":"F\u00f3rum Virtual #BibliotecasEnCasa : Como as bibliotecas podem estender seus servi&#8230;"},"content":{"rendered":"<p>[ad_1]<br \/>\n<img data-recalc-dims=\"1\" decoding=\"async\" src=\"https:\/\/i0.wp.com\/www.pedroandretta.info\/index\/wp-content\/uploads\/2020\/03\/Forum-Virtual-BibliotecasEnCasa-Como-as-bibliotecas-podem-estender-seus.jpeg?w=696&#038;ssl=1\"\/><\/p>\n<blockquote class=\"twitter-tweet\">\n<p lang=\"pt\" dir=\"ltr\">F\u00f3rum Virtual <a target=\"_blank\" href=\"https:\/\/twitter.com\/hashtag\/BibliotecasEnCasa?src=hash&amp;ref_src=twsrc%5Etfw\" rel=\"noopener noreferrer\">#BibliotecasEnCasa<\/a> : Como as bibliotecas podem estender seus servi\u00e7os durante a quarentena? (21 de mar\u00e7o de 2020 as 12h hor\u00e1rio de Bras\u00edlia) | Veja no link como se conectar! Uma programa\u00e7\u00e3o bem legal para quem estiver em casa! <a target=\"_blank\" href=\"https:\/\/twitter.com\/InfoTecarios?ref_src=twsrc%5Etfw\" rel=\"noopener noreferrer\">@InfoTecarios<\/a> <a target=\"_blank\" href=\"https:\/\/t.co\/yUSDqEJ6Vr\" rel=\"noopener noreferrer\">https:\/\/t.co\/yUSDqEJ6Vr<\/a><\/p>\n<p>&mdash; Pedro Andretta (@pedroisandretta) <a target=\"_blank\" href=\"https:\/\/twitter.com\/pedroisandretta\/status\/1241347740392665095?ref_src=twsrc%5Etfw\" rel=\"noopener noreferrer\">March 21, 2020<\/a><\/p><\/blockquote>\n<p><script async src=\"https:\/\/platform.twitter.com\/widgets.js\" charset=\"utf-8\"><\/script><\/p>\n<p>[ad_2]<br \/>\n<br \/><a href=\"https:\/\/twitter.com\/pedroisandretta\/statuses\/1241347740392665095\">Source<\/a> by <a href=\"https:\/\/t.co\/MfIsGWjH1p\">Pedro Andretta<\/a><\/p>\n","protected":false},"excerpt":{"rendered":"<p>[ad_1] F\u00f3rum Virtual #BibliotecasEnCasa : Como as bibliotecas podem estender seus servi\u00e7os durante a quarentena? (21 de mar\u00e7o de 2020 as 12h hor\u00e1rio de Bras\u00edlia) | Veja no link como se conectar! Uma programa\u00e7\u00e3o bem legal para quem estiver em casa! @InfoTecarios https:\/\/t.co\/yUSDqEJ6Vr &mdash; Pedro Andretta (@pedroisandretta) March 21, 2020 [ad_2] Source by Pedro Andretta<\/p>\n","protected":false},"author":1,"featured_media":4706,"comment_status":"open","ping_status":"open","sticky":false,"template":"","format":"standard","meta":{"_jetpack_memberships_contains_paid_content":false,"footnotes":"","jetpack_publicize_message":"","jetpack_publicize_feature_enabled":true,"jetpack_social_post_already_shared":true,"jetpack_social_options":{"image_generator_settings":{"template":"highway","default_image_id":0,"font":"","enabled":false},"version":2}},"categories":[21],"tags":[634],"class_list":["post-4705","post","type-post","status-publish","format-standard","has-post-thumbnail","hentry","category-informeci","tag-bibliotecasencasa"],"jetpack_publicize_connections":[],"jetpack_featured_media_url":"https:\/\/i0.wp.com\/www.pedroandretta.info\/index\/wp-content\/uploads\/2020\/03\/F%C3%B3rum-Virtual-BibliotecasEnCasa-Como-as-bibliotecas-podem-estender-seus.jpeg?fit=626%2C417&ssl=1","views":"","jetpack_sharing_enabled":true,"_links":{"self":[{"href":"https:\/\/www.pedroandretta.info\/index\/wp-json\/wp\/v2\/posts\/4705","targetHints":{"allow":["GET"]}}],"collection":[{"href":"https:\/\/www.pedroandretta.info\/index\/wp-json\/wp\/v2\/posts"}],"about":[{"href":"https:\/\/www.pedroandretta.info\/index\/wp-json\/wp\/v2\/types\/post"}],"author":[{"embeddable":true,"href":"https:\/\/www.pedroandretta.info\/index\/wp-json\/wp\/v2\/users\/1"}],"replies":[{"embeddable":true,"href":"https:\/\/www.pedroandretta.info\/index\/wp-json\/wp\/v2\/comments?post=4705"}],"version-history":[{"count":0,"href":"https:\/\/www.pedroandretta.info\/index\/wp-json\/wp\/v2\/posts\/4705\/revisions"}],"wp:featuredmedia":[{"embeddable":true,"href":"https:\/\/www.pedroandretta.info\/index\/wp-json\/wp\/v2\/media\/4706"}],"wp:attachment":[{"href":"https:\/\/www.pedroandretta.info\/index\/wp-json\/wp\/v2\/media?parent=4705"}],"wp:term":[{"taxonomy":"category","embeddable":true,"href":"https:\/\/www.pedroandretta.info\/index\/wp-json\/wp\/v2\/categories?post=4705"},{"taxonomy":"post_tag","embeddable":true,"href":"https:\/\/www.pedroandretta.info\/index\/wp-json\/wp\/v2\/tags?post=4705"}],"curies":[{"name":"wp","href":"https:\/\/api.w.org\/{rel}","templated":true}]}}