{"id":4710,"date":"2020-03-21T19:35:42","date_gmt":"2020-03-21T19:35:42","guid":{"rendered":"https:\/\/www.pedroandretta.info\/index\/?p=4710"},"modified":"2020-03-21T19:35:42","modified_gmt":"2020-03-21T19:35:42","slug":"se-voce-perdeu-forum-virtual-bibliotecasencasa-como-as-bibliotecas-podem-es","status":"publish","type":"post","link":"https:\/\/www.pedroandretta.info\/index\/2020\/03\/se-voce-perdeu-forum-virtual-bibliotecasencasa-como-as-bibliotecas-podem-es\/","title":{"rendered":"Se voc\u00ea perdeu: F\u00f3rum Virtual #BibliotecasEnCasa : Como as #bibliotecas podem es&#8230;"},"content":{"rendered":"<p>[ad_1]<br \/>\n<img data-recalc-dims=\"1\" decoding=\"async\" src=\"https:\/\/i0.wp.com\/www.pedroandretta.info\/index\/wp-content\/uploads\/2020\/03\/Se-voce-perdeu-Forum-Virtual-BibliotecasEnCasa-Como-as-bibliotecas.jpg?w=696&#038;ssl=1\"\/><\/p>\n<blockquote class=\"twitter-tweet\">\n<p lang=\"pt\" dir=\"ltr\">Se voc\u00ea perdeu: F\u00f3rum Virtual <a target=\"_blank\" href=\"https:\/\/twitter.com\/hashtag\/BibliotecasEnCasa?src=hash&amp;ref_src=twsrc%5Etfw\" rel=\"noopener noreferrer\">#BibliotecasEnCasa<\/a> : Como as <a target=\"_blank\" href=\"https:\/\/twitter.com\/hashtag\/bibliotecas?src=hash&amp;ref_src=twsrc%5Etfw\" rel=\"noopener noreferrer\">#bibliotecas<\/a> podem estender seus servi\u00e7os durante a quarentena? <a target=\"_blank\" href=\"https:\/\/twitter.com\/hashtag\/COVID%E3%83%BC19?src=hash&amp;ref_src=twsrc%5Etfw\" rel=\"noopener noreferrer\">#COVID\u30fc19<\/a> [aprox 2h20 de v\u00eddeo) via <a target=\"_blank\" href=\"https:\/\/twitter.com\/InfoTecarios?ref_src=twsrc%5Etfw\" rel=\"noopener noreferrer\">@InfoTecarios<\/a> <a target=\"_blank\" href=\"https:\/\/twitter.com\/IFLALAC?ref_src=twsrc%5Etfw\" rel=\"noopener noreferrer\">@IFLALAC<\/a> <a target=\"_blank\" href=\"https:\/\/t.co\/bPh7AYUUwm\" rel=\"noopener noreferrer\">https:\/\/t.co\/bPh7AYUUwm<\/a><\/p>\n<p>&mdash; Pedro Andretta (@pedroisandretta) <a target=\"_blank\" href=\"https:\/\/twitter.com\/pedroisandretta\/status\/1241448419073372160?ref_src=twsrc%5Etfw\" rel=\"noopener noreferrer\">March 21, 2020<\/a><\/p><\/blockquote>\n<p><script async src=\"https:\/\/platform.twitter.com\/widgets.js\" charset=\"utf-8\"><\/script><\/p>\n<p>[ad_2]<br \/>\n<br \/><a href=\"https:\/\/twitter.com\/pedroisandretta\/statuses\/1241448419073372160\">Source<\/a> by <a href=\"https:\/\/t.co\/MfIsGWjH1p\">Pedro Andretta<\/a><\/p>\n","protected":false},"excerpt":{"rendered":"<p>[ad_1] Se voc\u00ea perdeu: F\u00f3rum Virtual #BibliotecasEnCasa : Como as #bibliotecas podem estender seus servi\u00e7os durante a quarentena? #COVID\u30fc19 [aprox 2h20 de v\u00eddeo) via @InfoTecarios @IFLALAC https:\/\/t.co\/bPh7AYUUwm &mdash; Pedro Andretta (@pedroisandretta) March 21, 2020 [ad_2] Source by Pedro Andretta<\/p>\n","protected":false},"author":1,"featured_media":4711,"comment_status":"open","ping_status":"open","sticky":false,"template":"","format":"standard","meta":{"_jetpack_memberships_contains_paid_content":false,"footnotes":"","jetpack_publicize_message":"","jetpack_publicize_feature_enabled":true,"jetpack_social_post_already_shared":true,"jetpack_social_options":{"image_generator_settings":{"template":"highway","default_image_id":0,"font":"","enabled":false},"version":2}},"categories":[21],"tags":[38,634,618],"class_list":["post-4710","post","type-post","status-publish","format-standard","has-post-thumbnail","hentry","category-informeci","tag-bibliotecas","tag-bibliotecasencasa","tag-covid19"],"jetpack_publicize_connections":[],"jetpack_featured_media_url":"https:\/\/i0.wp.com\/www.pedroandretta.info\/index\/wp-content\/uploads\/2020\/03\/Se-voce-perdeu-Forum-Virtual-BibliotecasEnCasa-Como-as-bibliotecas.jpg?fit=1280%2C720&ssl=1","views":"","jetpack_sharing_enabled":true,"_links":{"self":[{"href":"https:\/\/www.pedroandretta.info\/index\/wp-json\/wp\/v2\/posts\/4710","targetHints":{"allow":["GET"]}}],"collection":[{"href":"https:\/\/www.pedroandretta.info\/index\/wp-json\/wp\/v2\/posts"}],"about":[{"href":"https:\/\/www.pedroandretta.info\/index\/wp-json\/wp\/v2\/types\/post"}],"author":[{"embeddable":true,"href":"https:\/\/www.pedroandretta.info\/index\/wp-json\/wp\/v2\/users\/1"}],"replies":[{"embeddable":true,"href":"https:\/\/www.pedroandretta.info\/index\/wp-json\/wp\/v2\/comments?post=4710"}],"version-history":[{"count":0,"href":"https:\/\/www.pedroandretta.info\/index\/wp-json\/wp\/v2\/posts\/4710\/revisions"}],"wp:featuredmedia":[{"embeddable":true,"href":"https:\/\/www.pedroandretta.info\/index\/wp-json\/wp\/v2\/media\/4711"}],"wp:attachment":[{"href":"https:\/\/www.pedroandretta.info\/index\/wp-json\/wp\/v2\/media?parent=4710"}],"wp:term":[{"taxonomy":"category","embeddable":true,"href":"https:\/\/www.pedroandretta.info\/index\/wp-json\/wp\/v2\/categories?post=4710"},{"taxonomy":"post_tag","embeddable":true,"href":"https:\/\/www.pedroandretta.info\/index\/wp-json\/wp\/v2\/tags?post=4710"}],"curies":[{"name":"wp","href":"https:\/\/api.w.org\/{rel}","templated":true}]}}