{"id":4782,"date":"2020-03-26T11:57:12","date_gmt":"2020-03-26T11:57:12","guid":{"rendered":"https:\/\/www.pedroandretta.info\/index\/?p=4782"},"modified":"2020-03-26T11:57:12","modified_gmt":"2020-03-26T11:57:12","slug":"a-anatomia-da-desinformacaonaquilo-que-diz-respeito-a-epoca-conturbada-que-v","status":"publish","type":"post","link":"https:\/\/www.pedroandretta.info\/index\/2020\/03\/a-anatomia-da-desinformacaonaquilo-que-diz-respeito-a-epoca-conturbada-que-v\/","title":{"rendered":"A anatomia da (des)informa\u00e7\u00e3o|\u201cNaquilo que diz respeito \u00e0 \u00e9poca conturbada que v&#8230;"},"content":{"rendered":"<p>[ad_1]<br \/>\n<img data-recalc-dims=\"1\" decoding=\"async\" src=\"https:\/\/i0.wp.com\/www.pedroandretta.info\/index\/wp-content\/uploads\/2020\/03\/A-anatomia-da-desinformacao%E2%80%9CNaquilo-que-diz-respeito-a-epoca-conturbada.png?w=696&#038;ssl=1\"\/><\/p>\n<blockquote class=\"twitter-tweet\">\n<p lang=\"pt\" dir=\"ltr\">A anatomia da (des)informa\u00e7\u00e3o|\u201cNaquilo que diz respeito \u00e0 \u00e9poca conturbada que vivemos, na vertente do conhecimento ou pseudoconhecimento que consumimos [&#8230;] h\u00e1 uma verdade que n\u00e3o se pode desprezar: a <a target=\"_blank\" href=\"https:\/\/twitter.com\/hashtag\/desinforma%C3%A7%C3%A3o?src=hash&amp;ref_src=twsrc%5Etfw\" rel=\"noopener noreferrer\">#desinforma\u00e7\u00e3o<\/a> impera.\u201d via Comunidade Cultura e Arte <a target=\"_blank\" href=\"https:\/\/t.co\/I9jNJLcTbF\" rel=\"noopener noreferrer\">https:\/\/t.co\/I9jNJLcTbF<\/a><\/p>\n<p>&mdash; Pedro Andretta (@pedroisandretta) <a target=\"_blank\" href=\"https:\/\/twitter.com\/pedroisandretta\/status\/1243144972154605569?ref_src=twsrc%5Etfw\" rel=\"noopener noreferrer\">March 26, 2020<\/a><\/p><\/blockquote>\n<p><script async src=\"https:\/\/platform.twitter.com\/widgets.js\" charset=\"utf-8\"><\/script><\/p>\n<p>[ad_2]<br \/>\n<br \/><a href=\"https:\/\/twitter.com\/pedroisandretta\/statuses\/1243144972154605569\">Source<\/a> by <a href=\"https:\/\/t.co\/MfIsGWjH1p\">Pedro Andretta<\/a><\/p>\n","protected":false},"excerpt":{"rendered":"<p>[ad_1] A anatomia da (des)informa\u00e7\u00e3o|\u201cNaquilo que diz respeito \u00e0 \u00e9poca conturbada que vivemos, na vertente do conhecimento ou pseudoconhecimento que consumimos [&#8230;] h\u00e1 uma verdade que n\u00e3o se pode desprezar: a #desinforma\u00e7\u00e3o impera.\u201d via Comunidade Cultura e Arte https:\/\/t.co\/I9jNJLcTbF &mdash; Pedro Andretta (@pedroisandretta) March 26, 2020 [ad_2] Source by Pedro Andretta<\/p>\n","protected":false},"author":1,"featured_media":4783,"comment_status":"open","ping_status":"open","sticky":false,"template":"","format":"standard","meta":{"_jetpack_memberships_contains_paid_content":false,"footnotes":"","jetpack_publicize_message":"","jetpack_publicize_feature_enabled":true,"jetpack_social_post_already_shared":true,"jetpack_social_options":{"image_generator_settings":{"template":"highway","default_image_id":0,"font":"","enabled":false},"version":2}},"categories":[21],"tags":[142],"class_list":["post-4782","post","type-post","status-publish","format-standard","has-post-thumbnail","hentry","category-informeci","tag-desinformacao"],"jetpack_publicize_connections":[],"jetpack_featured_media_url":"https:\/\/i0.wp.com\/www.pedroandretta.info\/index\/wp-content\/uploads\/2020\/03\/A-anatomia-da-desinforma%C3%A7%C3%A3o%E2%80%9CNaquilo-que-diz-respeito-%C3%A0-%C3%A9poca-conturbada.png?fit=1028%2C668&ssl=1","views":"","jetpack_sharing_enabled":true,"_links":{"self":[{"href":"https:\/\/www.pedroandretta.info\/index\/wp-json\/wp\/v2\/posts\/4782","targetHints":{"allow":["GET"]}}],"collection":[{"href":"https:\/\/www.pedroandretta.info\/index\/wp-json\/wp\/v2\/posts"}],"about":[{"href":"https:\/\/www.pedroandretta.info\/index\/wp-json\/wp\/v2\/types\/post"}],"author":[{"embeddable":true,"href":"https:\/\/www.pedroandretta.info\/index\/wp-json\/wp\/v2\/users\/1"}],"replies":[{"embeddable":true,"href":"https:\/\/www.pedroandretta.info\/index\/wp-json\/wp\/v2\/comments?post=4782"}],"version-history":[{"count":0,"href":"https:\/\/www.pedroandretta.info\/index\/wp-json\/wp\/v2\/posts\/4782\/revisions"}],"wp:featuredmedia":[{"embeddable":true,"href":"https:\/\/www.pedroandretta.info\/index\/wp-json\/wp\/v2\/media\/4783"}],"wp:attachment":[{"href":"https:\/\/www.pedroandretta.info\/index\/wp-json\/wp\/v2\/media?parent=4782"}],"wp:term":[{"taxonomy":"category","embeddable":true,"href":"https:\/\/www.pedroandretta.info\/index\/wp-json\/wp\/v2\/categories?post=4782"},{"taxonomy":"post_tag","embeddable":true,"href":"https:\/\/www.pedroandretta.info\/index\/wp-json\/wp\/v2\/tags?post=4782"}],"curies":[{"name":"wp","href":"https:\/\/api.w.org\/{rel}","templated":true}]}}