{"id":4788,"date":"2020-03-26T16:27:30","date_gmt":"2020-03-26T16:27:30","guid":{"rendered":"https:\/\/www.pedroandretta.info\/index\/?p=4788"},"modified":"2020-03-26T16:27:30","modified_gmt":"2020-03-26T16:27:30","slug":"orientacoes-gerais-para-bibliotecaspublicas-covid%e3%83%bc19-documento-da-coordena","status":"publish","type":"post","link":"https:\/\/www.pedroandretta.info\/index\/2020\/03\/orientacoes-gerais-para-bibliotecaspublicas-covid%e3%83%bc19-documento-da-coordena\/","title":{"rendered":"Orienta\u00e7\u00f5es gerais para #BibliotecasP\u00fablicas &#8211; #COVID\u30fc19 | Documento da Coordena&#8230;"},"content":{"rendered":"<p>[ad_1]<\/p>\n<blockquote class=\"twitter-tweet\">\n<p lang=\"pt\" dir=\"ltr\">Orienta\u00e7\u00f5es gerais para <a target=\"_blank\" href=\"https:\/\/twitter.com\/hashtag\/BibliotecasP%C3%BAblicas?src=hash&amp;ref_src=twsrc%5Etfw\" rel=\"noopener noreferrer\">#BibliotecasP\u00fablicas<\/a> &#8211; <a target=\"_blank\" href=\"https:\/\/twitter.com\/hashtag\/COVID%E3%83%BC19?src=hash&amp;ref_src=twsrc%5Etfw\" rel=\"noopener noreferrer\">#COVID\u30fc19<\/a> | Documento da Coordenadora-Geral do Sistema Nacional de Bibliotecas P\u00fablicas de 18\/03\/20, e s\u00f3 agora divulgado no site da <a target=\"_blank\" href=\"https:\/\/twitter.com\/febab?ref_src=twsrc%5Etfw\" rel=\"noopener noreferrer\">@febab<\/a> ! (Antes tarde que mais mais tarde!) via FEBAB <a target=\"_blank\" href=\"https:\/\/t.co\/ihFgx3aBuC\" rel=\"noopener noreferrer\">https:\/\/t.co\/ihFgx3aBuC<\/a> <a target=\"_blank\" href=\"https:\/\/t.co\/fnUT6IV4S7\" rel=\"noopener noreferrer\">pic.twitter.com\/fnUT6IV4S7<\/a><\/p>\n<p>&mdash; Pedro Andretta (@pedroisandretta) <a target=\"_blank\" href=\"https:\/\/twitter.com\/pedroisandretta\/status\/1243212995284664320?ref_src=twsrc%5Etfw\" rel=\"noopener noreferrer\">March 26, 2020<\/a><\/p><\/blockquote>\n<p><script async src=\"https:\/\/platform.twitter.com\/widgets.js\" charset=\"utf-8\"><\/script><\/p>\n<p>[ad_2]<br \/>\n<br \/><a href=\"https:\/\/twitter.com\/pedroisandretta\/statuses\/1243212995284664320\">Source<\/a> by <a href=\"https:\/\/t.co\/MfIsGWjH1p\">Pedro Andretta<\/a><\/p>\n","protected":false},"excerpt":{"rendered":"<p>[ad_1] Orienta\u00e7\u00f5es gerais para #BibliotecasP\u00fablicas &#8211; #COVID\u30fc19 | Documento da Coordenadora-Geral do Sistema Nacional de Bibliotecas P\u00fablicas de 18\/03\/20, e s\u00f3 agora divulgado no site da @febab ! (Antes tarde que mais mais tarde!) via FEBAB https:\/\/t.co\/ihFgx3aBuC pic.twitter.com\/fnUT6IV4S7 &mdash; Pedro Andretta (@pedroisandretta) March 26, 2020 [ad_2] Source by Pedro Andretta<\/p>\n","protected":false},"author":1,"featured_media":4789,"comment_status":"open","ping_status":"open","sticky":false,"template":"","format":"standard","meta":{"_jetpack_memberships_contains_paid_content":false,"footnotes":"","jetpack_publicize_message":"","jetpack_publicize_feature_enabled":true,"jetpack_social_post_already_shared":true,"jetpack_social_options":{"image_generator_settings":{"template":"highway","default_image_id":0,"font":"","enabled":false},"version":2}},"categories":[21],"tags":[39,618],"class_list":["post-4788","post","type-post","status-publish","format-standard","has-post-thumbnail","hentry","category-informeci","tag-bibliotecaspublicas","tag-covid19"],"jetpack_publicize_connections":[],"jetpack_featured_media_url":"https:\/\/i0.wp.com\/www.pedroandretta.info\/index\/wp-content\/uploads\/2020\/03\/Orienta%C3%A7%C3%B5es-gerais-para-BibliotecasP%C3%BAblicas-COVID%E3%83%BC19-Documento-da-Coordena.jpg?fit=640%2C871&ssl=1","views":"","jetpack_sharing_enabled":true,"_links":{"self":[{"href":"https:\/\/www.pedroandretta.info\/index\/wp-json\/wp\/v2\/posts\/4788","targetHints":{"allow":["GET"]}}],"collection":[{"href":"https:\/\/www.pedroandretta.info\/index\/wp-json\/wp\/v2\/posts"}],"about":[{"href":"https:\/\/www.pedroandretta.info\/index\/wp-json\/wp\/v2\/types\/post"}],"author":[{"embeddable":true,"href":"https:\/\/www.pedroandretta.info\/index\/wp-json\/wp\/v2\/users\/1"}],"replies":[{"embeddable":true,"href":"https:\/\/www.pedroandretta.info\/index\/wp-json\/wp\/v2\/comments?post=4788"}],"version-history":[{"count":0,"href":"https:\/\/www.pedroandretta.info\/index\/wp-json\/wp\/v2\/posts\/4788\/revisions"}],"wp:featuredmedia":[{"embeddable":true,"href":"https:\/\/www.pedroandretta.info\/index\/wp-json\/wp\/v2\/media\/4789"}],"wp:attachment":[{"href":"https:\/\/www.pedroandretta.info\/index\/wp-json\/wp\/v2\/media?parent=4788"}],"wp:term":[{"taxonomy":"category","embeddable":true,"href":"https:\/\/www.pedroandretta.info\/index\/wp-json\/wp\/v2\/categories?post=4788"},{"taxonomy":"post_tag","embeddable":true,"href":"https:\/\/www.pedroandretta.info\/index\/wp-json\/wp\/v2\/tags?post=4788"}],"curies":[{"name":"wp","href":"https:\/\/api.w.org\/{rel}","templated":true}]}}