{"id":4790,"date":"2020-03-26T16:36:25","date_gmt":"2020-03-26T16:36:25","guid":{"rendered":"https:\/\/www.pedroandretta.info\/index\/?p=4790"},"modified":"2020-03-26T16:36:25","modified_gmt":"2020-03-26T16:36:25","slug":"iniciativas-das-bibliotecas-durante-o-distanciamento-social-e-impossivel-prat","status":"publish","type":"post","link":"https:\/\/www.pedroandretta.info\/index\/2020\/03\/iniciativas-das-bibliotecas-durante-o-distanciamento-social-e-impossivel-prat\/","title":{"rendered":"Iniciativas das #bibliotecas durante o distanciamento social |\u201c\u00c9 imposs\u00edvel prat&#8230;"},"content":{"rendered":"<p>[ad_1]<br \/>\n<img data-recalc-dims=\"1\" decoding=\"async\" src=\"https:\/\/i0.wp.com\/www.pedroandretta.info\/index\/wp-content\/uploads\/2020\/03\/Iniciativas-das-bibliotecas-durante-o-distanciamento-social-%E2%80%9CE-impossivel-prat.png?w=696&#038;ssl=1\"\/><\/p>\n<blockquote class=\"twitter-tweet\">\n<p lang=\"pt\" dir=\"ltr\">Iniciativas das <a target=\"_blank\" href=\"https:\/\/twitter.com\/hashtag\/bibliotecas?src=hash&amp;ref_src=twsrc%5Etfw\" rel=\"noopener noreferrer\">#bibliotecas<\/a> durante o distanciamento social |\u201c\u00c9 imposs\u00edvel praticar o <a target=\"_blank\" href=\"https:\/\/twitter.com\/hashtag\/distanciamentosocial?src=hash&amp;ref_src=twsrc%5Etfw\" rel=\"noopener noreferrer\">#distanciamentosocial<\/a> nas bibliotecas, porque elas s\u00e3o um espa\u00e7o p\u00fablico aberto, que acolhem a todos, e suas instala\u00e7\u00f5es atuam como um local de encontro.\u201d\ud83c\uddfa\ud83c\uddf8 via Princh <a target=\"_blank\" href=\"https:\/\/t.co\/nrnsPsp7CF\" rel=\"noopener noreferrer\">https:\/\/t.co\/nrnsPsp7CF<\/a><\/p>\n<p>&mdash; Pedro Andretta (@pedroisandretta) <a target=\"_blank\" href=\"https:\/\/twitter.com\/pedroisandretta\/status\/1243215239212150787?ref_src=twsrc%5Etfw\" rel=\"noopener noreferrer\">March 26, 2020<\/a><\/p><\/blockquote>\n<p><script async src=\"https:\/\/platform.twitter.com\/widgets.js\" charset=\"utf-8\"><\/script><\/p>\n<p>[ad_2]<br \/>\n<br \/><a href=\"https:\/\/twitter.com\/pedroisandretta\/statuses\/1243215239212150787\">Source<\/a> by <a href=\"https:\/\/t.co\/MfIsGWjH1p\">Pedro Andretta<\/a><\/p>\n","protected":false},"excerpt":{"rendered":"<p>[ad_1] Iniciativas das #bibliotecas durante o distanciamento social |\u201c\u00c9 imposs\u00edvel praticar o #distanciamentosocial nas bibliotecas, porque elas s\u00e3o um espa\u00e7o p\u00fablico aberto, que acolhem a todos, e suas instala\u00e7\u00f5es atuam como um local de encontro.\u201d\ud83c\uddfa\ud83c\uddf8 via Princh https:\/\/t.co\/nrnsPsp7CF &mdash; Pedro Andretta (@pedroisandretta) March 26, 2020 [ad_2] Source by Pedro Andretta<\/p>\n","protected":false},"author":1,"featured_media":4791,"comment_status":"open","ping_status":"open","sticky":false,"template":"","format":"standard","meta":{"_jetpack_memberships_contains_paid_content":false,"footnotes":"","jetpack_publicize_message":"","jetpack_publicize_feature_enabled":true,"jetpack_social_post_already_shared":true,"jetpack_social_options":{"image_generator_settings":{"template":"highway","default_image_id":0,"font":"","enabled":false},"version":2}},"categories":[21],"tags":[38,644],"class_list":["post-4790","post","type-post","status-publish","format-standard","has-post-thumbnail","hentry","category-informeci","tag-bibliotecas","tag-distanciamentosocial"],"jetpack_publicize_connections":[],"jetpack_featured_media_url":"https:\/\/i0.wp.com\/www.pedroandretta.info\/index\/wp-content\/uploads\/2020\/03\/Iniciativas-das-bibliotecas-durante-o-distanciamento-social-%E2%80%9C%C3%89-imposs%C3%ADvel-prat.png?fit=560%2C315&ssl=1","views":"","jetpack_sharing_enabled":true,"_links":{"self":[{"href":"https:\/\/www.pedroandretta.info\/index\/wp-json\/wp\/v2\/posts\/4790","targetHints":{"allow":["GET"]}}],"collection":[{"href":"https:\/\/www.pedroandretta.info\/index\/wp-json\/wp\/v2\/posts"}],"about":[{"href":"https:\/\/www.pedroandretta.info\/index\/wp-json\/wp\/v2\/types\/post"}],"author":[{"embeddable":true,"href":"https:\/\/www.pedroandretta.info\/index\/wp-json\/wp\/v2\/users\/1"}],"replies":[{"embeddable":true,"href":"https:\/\/www.pedroandretta.info\/index\/wp-json\/wp\/v2\/comments?post=4790"}],"version-history":[{"count":0,"href":"https:\/\/www.pedroandretta.info\/index\/wp-json\/wp\/v2\/posts\/4790\/revisions"}],"wp:featuredmedia":[{"embeddable":true,"href":"https:\/\/www.pedroandretta.info\/index\/wp-json\/wp\/v2\/media\/4791"}],"wp:attachment":[{"href":"https:\/\/www.pedroandretta.info\/index\/wp-json\/wp\/v2\/media?parent=4790"}],"wp:term":[{"taxonomy":"category","embeddable":true,"href":"https:\/\/www.pedroandretta.info\/index\/wp-json\/wp\/v2\/categories?post=4790"},{"taxonomy":"post_tag","embeddable":true,"href":"https:\/\/www.pedroandretta.info\/index\/wp-json\/wp\/v2\/tags?post=4790"}],"curies":[{"name":"wp","href":"https:\/\/api.w.org\/{rel}","templated":true}]}}