{"id":4841,"date":"2020-03-29T14:07:44","date_gmt":"2020-03-29T14:07:44","guid":{"rendered":"https:\/\/www.pedroandretta.info\/index\/?p=4841"},"modified":"2020-03-29T14:07:44","modified_gmt":"2020-03-29T14:07:44","slug":"crise-provocara-mudanca-no-perfil-do-profissional-de-saude-e-nos-bibliotecar","status":"publish","type":"post","link":"https:\/\/www.pedroandretta.info\/index\/2020\/03\/crise-provocara-mudanca-no-perfil-do-profissional-de-saude-e-nos-bibliotecar\/","title":{"rendered":"Crise provocar\u00e1 mudan\u00e7a no perfil do profissional de sa\u00fade | (E nos #bibliotec\u00e1r&#8230;"},"content":{"rendered":"<p>[ad_1]<br \/>\n<img data-recalc-dims=\"1\" decoding=\"async\" src=\"https:\/\/i0.wp.com\/www.pedroandretta.info\/index\/wp-content\/uploads\/2020\/03\/Crise-provocara-mudanca-no-perfil-do-profissional-de-saude.jpg?w=696&#038;ssl=1\"\/><\/p>\n<blockquote class=\"twitter-tweet\">\n<p lang=\"pt\" dir=\"ltr\">Crise provocar\u00e1 mudan\u00e7a no perfil do profissional de sa\u00fade | (E nos <a target=\"_blank\" href=\"https:\/\/twitter.com\/hashtag\/bibliotec%C3%A1rios?src=hash&amp;ref_src=twsrc%5Etfw\" rel=\"noopener noreferrer\">#bibliotec\u00e1rios<\/a> ser\u00e1 que n\u00e3o veremos mudan\u00e7as tamb\u00e9m em nossa atua\u00e7\u00e3o? Com um melhor usos dos recursos digitais, seja na forma\u00e7\u00e3o de cole\u00e7\u00f5es, a\u00e7\u00f5es culturais e de refer\u00eancia?) via EXAME <a target=\"_blank\" href=\"https:\/\/t.co\/RSJ640BIjZ\" rel=\"noopener noreferrer\">https:\/\/t.co\/RSJ640BIjZ<\/a><\/p>\n<p>&mdash; Pedro Andretta (@pedroisandretta) <a target=\"_blank\" href=\"https:\/\/twitter.com\/pedroisandretta\/status\/1244264987088093192?ref_src=twsrc%5Etfw\" rel=\"noopener noreferrer\">March 29, 2020<\/a><\/p><\/blockquote>\n<p><script async src=\"https:\/\/platform.twitter.com\/widgets.js\" charset=\"utf-8\"><\/script><\/p>\n<p>[ad_2]<br \/>\n<br \/><a href=\"https:\/\/twitter.com\/pedroisandretta\/statuses\/1244264987088093192\">Source<\/a> by <a href=\"https:\/\/t.co\/MfIsGWjH1p\">Pedro Andretta<\/a><\/p>\n","protected":false},"excerpt":{"rendered":"<p>[ad_1] Crise provocar\u00e1 mudan\u00e7a no perfil do profissional de sa\u00fade | (E nos #bibliotec\u00e1rios ser\u00e1 que n\u00e3o veremos mudan\u00e7as tamb\u00e9m em nossa atua\u00e7\u00e3o? Com um melhor usos dos recursos digitais, seja na forma\u00e7\u00e3o de cole\u00e7\u00f5es, a\u00e7\u00f5es culturais e de refer\u00eancia?) via EXAME https:\/\/t.co\/RSJ640BIjZ &mdash; Pedro Andretta (@pedroisandretta) March 29, 2020 [ad_2] Source by Pedro Andretta<\/p>\n","protected":false},"author":1,"featured_media":4842,"comment_status":"open","ping_status":"open","sticky":false,"template":"","format":"standard","meta":{"_jetpack_memberships_contains_paid_content":false,"footnotes":"","jetpack_publicize_message":"","jetpack_publicize_feature_enabled":true,"jetpack_social_post_already_shared":true,"jetpack_social_options":{"image_generator_settings":{"template":"highway","default_image_id":0,"font":"","enabled":false},"version":2}},"categories":[21],"tags":[22],"class_list":["post-4841","post","type-post","status-publish","format-standard","has-post-thumbnail","hentry","category-informeci","tag-bibliotecarios"],"jetpack_publicize_connections":[],"jetpack_featured_media_url":"https:\/\/i0.wp.com\/www.pedroandretta.info\/index\/wp-content\/uploads\/2020\/03\/Crise-provocara-mudanca-no-perfil-do-profissional-de-saude.jpg?fit=680%2C453&ssl=1","views":"","jetpack_sharing_enabled":true,"_links":{"self":[{"href":"https:\/\/www.pedroandretta.info\/index\/wp-json\/wp\/v2\/posts\/4841","targetHints":{"allow":["GET"]}}],"collection":[{"href":"https:\/\/www.pedroandretta.info\/index\/wp-json\/wp\/v2\/posts"}],"about":[{"href":"https:\/\/www.pedroandretta.info\/index\/wp-json\/wp\/v2\/types\/post"}],"author":[{"embeddable":true,"href":"https:\/\/www.pedroandretta.info\/index\/wp-json\/wp\/v2\/users\/1"}],"replies":[{"embeddable":true,"href":"https:\/\/www.pedroandretta.info\/index\/wp-json\/wp\/v2\/comments?post=4841"}],"version-history":[{"count":0,"href":"https:\/\/www.pedroandretta.info\/index\/wp-json\/wp\/v2\/posts\/4841\/revisions"}],"wp:featuredmedia":[{"embeddable":true,"href":"https:\/\/www.pedroandretta.info\/index\/wp-json\/wp\/v2\/media\/4842"}],"wp:attachment":[{"href":"https:\/\/www.pedroandretta.info\/index\/wp-json\/wp\/v2\/media?parent=4841"}],"wp:term":[{"taxonomy":"category","embeddable":true,"href":"https:\/\/www.pedroandretta.info\/index\/wp-json\/wp\/v2\/categories?post=4841"},{"taxonomy":"post_tag","embeddable":true,"href":"https:\/\/www.pedroandretta.info\/index\/wp-json\/wp\/v2\/tags?post=4841"}],"curies":[{"name":"wp","href":"https:\/\/api.w.org\/{rel}","templated":true}]}}