{"id":4911,"date":"2020-04-02T08:27:25","date_gmt":"2020-04-02T12:27:25","guid":{"rendered":"https:\/\/www.pedroandretta.info\/index\/?p=4911"},"modified":"2020-04-02T08:27:25","modified_gmt":"2020-04-02T12:27:25","slug":"o-bibliotecario-ideal-de-acordo-com-um-livro-de-1828-de-dada-pelo-bibliotecar","status":"publish","type":"post","link":"https:\/\/www.pedroandretta.info\/index\/2020\/04\/o-bibliotecario-ideal-de-acordo-com-um-livro-de-1828-de-dada-pelo-bibliotecar\/","title":{"rendered":"O #bibliotec\u00e1rio ideal de acordo com um livro de 1828, [de dada pelo bibliotec\u00e1r&#8230;"},"content":{"rendered":"<p>[ad_1]<br \/>\n<img data-recalc-dims=\"1\" decoding=\"async\" src=\"https:\/\/i0.wp.com\/www.pedroandretta.info\/index\/wp-content\/uploads\/2020\/04\/O-bibliotecario-ideal-de-acordo-com-um-livro-de-1828.png?w=696&#038;ssl=1\"\/><\/p>\n<blockquote class=\"twitter-tweet\">\n<p lang=\"pt\" dir=\"ltr\">O <a target=\"_blank\" href=\"https:\/\/twitter.com\/hashtag\/bibliotec%C3%A1rio?src=hash&amp;ref_src=twsrc%5Etfw\" rel=\"noopener noreferrer\">#bibliotec\u00e1rio<\/a> ideal de acordo com um livro de 1828, [de dada pelo bibliotec\u00e1rio Jean-Louis Bailly] | \u201c[&#8230;] n\u00e3o basta que ele conhe\u00e7a a sua biblioteca, ele pr\u00f3prio deve ser uma esp\u00e9cie de biblioteca viva.\u201d (Ver PDF no link) \ud83c\uddeb\ud83c\uddf7 <a target=\"_blank\" href=\"https:\/\/twitter.com\/hashtag\/hist%C3%B3ria?src=hash&amp;ref_src=twsrc%5Etfw\" rel=\"noopener noreferrer\">#hist\u00f3ria<\/a> via Biblioweb <a target=\"_blank\" href=\"https:\/\/t.co\/UDDKd1EGBI\" rel=\"noopener noreferrer\">https:\/\/t.co\/UDDKd1EGBI<\/a><\/p>\n<p>&mdash; Pedro Andretta (@pedroisandretta) <a target=\"_blank\" href=\"https:\/\/twitter.com\/pedroisandretta\/status\/1245689291226976259?ref_src=twsrc%5Etfw\" rel=\"noopener noreferrer\">April 2, 2020<\/a><\/p><\/blockquote>\n<p><script async src=\"https:\/\/platform.twitter.com\/widgets.js\" charset=\"utf-8\"><\/script><\/p>\n<p>[ad_2]<br \/>\n<br \/><a href=\"https:\/\/twitter.com\/pedroisandretta\/statuses\/1245689291226976259\">Source<\/a> by <a href=\"https:\/\/t.co\/MfIsGWjH1p\">Pedro Andretta<\/a><\/p>\n","protected":false},"excerpt":{"rendered":"<p>[ad_1] O #bibliotec\u00e1rio ideal de acordo com um livro de 1828, [de dada pelo bibliotec\u00e1rio Jean-Louis Bailly] | \u201c[&#8230;] n\u00e3o basta que ele conhe\u00e7a a sua biblioteca, ele pr\u00f3prio deve ser uma esp\u00e9cie de biblioteca viva.\u201d (Ver PDF no link) \ud83c\uddeb\ud83c\uddf7 #hist\u00f3ria via Biblioweb https:\/\/t.co\/UDDKd1EGBI &mdash; Pedro Andretta (@pedroisandretta) April 2, 2020 [ad_2] Source by<\/p><\/div>\n<div class=\"blog-btn\"><a href=\"https:\/\/www.pedroandretta.info\/index\/2020\/04\/o-bibliotecario-ideal-de-acordo-com-um-livro-de-1828-de-dada-pelo-bibliotecar\/\" class=\"home-blog-btn\">Ler mais<\/a><\/p>\n","protected":false},"author":1,"featured_media":4912,"comment_status":"open","ping_status":"open","sticky":false,"template":"","format":"standard","meta":{"_jetpack_memberships_contains_paid_content":false,"footnotes":"","jetpack_publicize_message":"","jetpack_publicize_feature_enabled":true,"jetpack_social_post_already_shared":true,"jetpack_social_options":{"image_generator_settings":{"template":"highway","default_image_id":0,"font":"","enabled":false},"version":2}},"categories":[21],"tags":[22,345],"class_list":["post-4911","post","type-post","status-publish","format-standard","has-post-thumbnail","hentry","category-informeci","tag-bibliotecarios","tag-historia"],"jetpack_publicize_connections":[],"jetpack_featured_media_url":"https:\/\/i0.wp.com\/www.pedroandretta.info\/index\/wp-content\/uploads\/2020\/04\/O-bibliotecario-ideal-de-acordo-com-um-livro-de-1828.png?fit=150%2C150&ssl=1","views":"","jetpack_sharing_enabled":true,"_links":{"self":[{"href":"https:\/\/www.pedroandretta.info\/index\/wp-json\/wp\/v2\/posts\/4911","targetHints":{"allow":["GET"]}}],"collection":[{"href":"https:\/\/www.pedroandretta.info\/index\/wp-json\/wp\/v2\/posts"}],"about":[{"href":"https:\/\/www.pedroandretta.info\/index\/wp-json\/wp\/v2\/types\/post"}],"author":[{"embeddable":true,"href":"https:\/\/www.pedroandretta.info\/index\/wp-json\/wp\/v2\/users\/1"}],"replies":[{"embeddable":true,"href":"https:\/\/www.pedroandretta.info\/index\/wp-json\/wp\/v2\/comments?post=4911"}],"version-history":[{"count":0,"href":"https:\/\/www.pedroandretta.info\/index\/wp-json\/wp\/v2\/posts\/4911\/revisions"}],"wp:featuredmedia":[{"embeddable":true,"href":"https:\/\/www.pedroandretta.info\/index\/wp-json\/wp\/v2\/media\/4912"}],"wp:attachment":[{"href":"https:\/\/www.pedroandretta.info\/index\/wp-json\/wp\/v2\/media?parent=4911"}],"wp:term":[{"taxonomy":"category","embeddable":true,"href":"https:\/\/www.pedroandretta.info\/index\/wp-json\/wp\/v2\/categories?post=4911"},{"taxonomy":"post_tag","embeddable":true,"href":"https:\/\/www.pedroandretta.info\/index\/wp-json\/wp\/v2\/tags?post=4911"}],"curies":[{"name":"wp","href":"https:\/\/api.w.org\/{rel}","templated":true}]}}