{"id":4917,"date":"2020-04-02T13:34:37","date_gmt":"2020-04-02T17:34:37","guid":{"rendered":"https:\/\/www.pedroandretta.info\/index\/?p=4917"},"modified":"2020-04-02T13:34:37","modified_gmt":"2020-04-02T17:34:37","slug":"fakenews-e-coronavirus-informacao-como-direito-e-necessidade-e-impor","status":"publish","type":"post","link":"https:\/\/www.pedroandretta.info\/index\/2020\/04\/fakenews-e-coronavirus-informacao-como-direito-e-necessidade-e-impor\/","title":{"rendered":"#FakeNews e #coronav\u00edrus: informa\u00e7\u00e3o como direito e necessidade | &#8220;[&#8230;] \u00e9 impor&#8230;"},"content":{"rendered":"<p>[ad_1]<\/p>\n<blockquote class=\"twitter-tweet\">\n<p lang=\"pt\" dir=\"ltr\"><a target=\"_blank\" href=\"https:\/\/twitter.com\/hashtag\/FakeNews?src=hash&amp;ref_src=twsrc%5Etfw\" rel=\"noopener noreferrer\">#FakeNews<\/a> e <a target=\"_blank\" href=\"https:\/\/twitter.com\/hashtag\/coronav%C3%ADrus?src=hash&amp;ref_src=twsrc%5Etfw\" rel=\"noopener noreferrer\">#coronav\u00edrus<\/a>: informa\u00e7\u00e3o como direito e necessidade | &quot;[&#8230;] \u00e9 importante que n\u00e3o optemos pelo sil\u00eancio diante de not\u00edcias falsas, e mais ainda hoje: denunciamos tweets e usu\u00e1rios, n\u00e3o deixemos passar [&#8230;]&quot; \ud83c\uddea\ud83c\uddf8 via \u2066<a target=\"_blank\" href=\"https:\/\/twitter.com\/alexandrelopez?ref_src=twsrc%5Etfw\" rel=\"noopener noreferrer\">@alexandrelopez<\/a>\u2069  <a target=\"_blank\" href=\"https:\/\/t.co\/iemvXhg1OC\" rel=\"noopener noreferrer\">https:\/\/t.co\/iemvXhg1OC<\/a><\/p>\n<p>&mdash; Pedro Andretta (@pedroisandretta) <a target=\"_blank\" href=\"https:\/\/twitter.com\/pedroisandretta\/status\/1245766600386641921?ref_src=twsrc%5Etfw\" rel=\"noopener noreferrer\">April 2, 2020<\/a><\/p><\/blockquote>\n<p><script async src=\"https:\/\/platform.twitter.com\/widgets.js\" charset=\"utf-8\"><\/script><\/p>\n<p>[ad_2]<br \/>\n<br \/><a href=\"https:\/\/twitter.com\/pedroisandretta\/statuses\/1245766600386641921\">Source<\/a> by <a href=\"https:\/\/t.co\/MfIsGWjH1p\">Pedro Andretta<\/a><\/p>\n","protected":false},"excerpt":{"rendered":"<p>[ad_1] #FakeNews e #coronav\u00edrus: informa\u00e7\u00e3o como direito e necessidade | &quot;[&#8230;] \u00e9 importante que n\u00e3o optemos pelo sil\u00eancio diante de not\u00edcias falsas, e mais ainda hoje: denunciamos tweets e usu\u00e1rios, n\u00e3o deixemos passar [&#8230;]&quot; \ud83c\uddea\ud83c\uddf8 via \u2066@alexandrelopez\u2069 https:\/\/t.co\/iemvXhg1OC &mdash; Pedro Andretta (@pedroisandretta) April 2, 2020 [ad_2] Source by Pedro Andretta<\/p>\n","protected":false},"author":1,"featured_media":0,"comment_status":"open","ping_status":"open","sticky":false,"template":"","format":"standard","meta":{"_jetpack_memberships_contains_paid_content":false,"footnotes":"","jetpack_publicize_message":"","jetpack_publicize_feature_enabled":true,"jetpack_social_post_already_shared":true,"jetpack_social_options":{"image_generator_settings":{"template":"highway","default_image_id":0,"font":"","enabled":false},"version":2}},"categories":[21],"tags":[483,127],"class_list":["post-4917","post","type-post","status-publish","format-standard","hentry","category-informeci","tag-coronavirus","tag-fakenews"],"jetpack_publicize_connections":[],"jetpack_featured_media_url":"","views":"","jetpack_sharing_enabled":true,"_links":{"self":[{"href":"https:\/\/www.pedroandretta.info\/index\/wp-json\/wp\/v2\/posts\/4917","targetHints":{"allow":["GET"]}}],"collection":[{"href":"https:\/\/www.pedroandretta.info\/index\/wp-json\/wp\/v2\/posts"}],"about":[{"href":"https:\/\/www.pedroandretta.info\/index\/wp-json\/wp\/v2\/types\/post"}],"author":[{"embeddable":true,"href":"https:\/\/www.pedroandretta.info\/index\/wp-json\/wp\/v2\/users\/1"}],"replies":[{"embeddable":true,"href":"https:\/\/www.pedroandretta.info\/index\/wp-json\/wp\/v2\/comments?post=4917"}],"version-history":[{"count":0,"href":"https:\/\/www.pedroandretta.info\/index\/wp-json\/wp\/v2\/posts\/4917\/revisions"}],"wp:attachment":[{"href":"https:\/\/www.pedroandretta.info\/index\/wp-json\/wp\/v2\/media?parent=4917"}],"wp:term":[{"taxonomy":"category","embeddable":true,"href":"https:\/\/www.pedroandretta.info\/index\/wp-json\/wp\/v2\/categories?post=4917"},{"taxonomy":"post_tag","embeddable":true,"href":"https:\/\/www.pedroandretta.info\/index\/wp-json\/wp\/v2\/tags?post=4917"}],"curies":[{"name":"wp","href":"https:\/\/api.w.org\/{rel}","templated":true}]}}