{"id":4922,"date":"2020-04-02T08:07:15","date_gmt":"2020-04-02T12:07:15","guid":{"rendered":"https:\/\/www.pedroandretta.info\/index\/?p=4922"},"modified":"2020-04-02T08:07:15","modified_gmt":"2020-04-02T12:07:15","slug":"lancada-nova-edicao-da-pesquisa-brasileira-em-ciencia-da-informacao-e-biblioteco","status":"publish","type":"post","link":"https:\/\/www.pedroandretta.info\/index\/2020\/04\/lancada-nova-edicao-da-pesquisa-brasileira-em-ciencia-da-informacao-e-biblioteco\/","title":{"rendered":"Lan\u00e7ada nova edi\u00e7\u00e3o da Pesquisa Brasileira em Ci\u00eancia da Informa\u00e7\u00e3o e Biblioteco&#8230;"},"content":{"rendered":"<p>[ad_1]<\/p>\n<blockquote class=\"twitter-tweet\">\n<p lang=\"pt\" dir=\"ltr\">Lan\u00e7ada nova edi\u00e7\u00e3o da Pesquisa Brasileira em Ci\u00eancia da Informa\u00e7\u00e3o e Biblioteconomia, da Universidade Federal da Para\u00edba | (S\u00e3o 165 itens entre pesquisas em andamentos, resumos de artigos e sum\u00e1rios) <a target=\"_blank\" href=\"https:\/\/twitter.com\/hashtag\/RevistasCI?src=hash&amp;ref_src=twsrc%5Etfw\" rel=\"noopener noreferrer\">#RevistasCI<\/a> via De Olho na CI <a target=\"_blank\" href=\"https:\/\/t.co\/Db1NkUFPYo\" rel=\"noopener noreferrer\">https:\/\/t.co\/Db1NkUFPYo<\/a> <a target=\"_blank\" href=\"https:\/\/t.co\/mtNZsFwyBq\" rel=\"noopener noreferrer\">pic.twitter.com\/mtNZsFwyBq<\/a><\/p>\n<p>&mdash; Pedro Andretta (@pedroisandretta) <a target=\"_blank\" href=\"https:\/\/twitter.com\/pedroisandretta\/status\/1245684215380877313?ref_src=twsrc%5Etfw\" rel=\"noopener noreferrer\">April 2, 2020<\/a><\/p><\/blockquote>\n<p><script async src=\"https:\/\/platform.twitter.com\/widgets.js\" charset=\"utf-8\"><\/script><\/p>\n<p>[ad_2]<br \/>\n<br \/><a href=\"https:\/\/twitter.com\/pedroisandretta\/statuses\/1245684215380877313\">Source<\/a> by <a href=\"https:\/\/t.co\/MfIsGWjH1p\">Pedro Andretta<\/a><\/p>\n","protected":false},"excerpt":{"rendered":"<p>[ad_1] Lan\u00e7ada nova edi\u00e7\u00e3o da Pesquisa Brasileira em Ci\u00eancia da Informa\u00e7\u00e3o e Biblioteconomia, da Universidade Federal da Para\u00edba | (S\u00e3o 165 itens entre pesquisas em andamentos, resumos de artigos e sum\u00e1rios) #RevistasCI via De Olho na CI https:\/\/t.co\/Db1NkUFPYo pic.twitter.com\/mtNZsFwyBq &mdash; Pedro Andretta (@pedroisandretta) April 2, 2020 [ad_2] Source by Pedro Andretta<\/p>\n","protected":false},"author":1,"featured_media":4923,"comment_status":"open","ping_status":"open","sticky":false,"template":"","format":"standard","meta":{"_jetpack_memberships_contains_paid_content":false,"footnotes":"","jetpack_publicize_message":"","jetpack_publicize_feature_enabled":true,"jetpack_social_post_already_shared":true,"jetpack_social_options":{"image_generator_settings":{"template":"highway","default_image_id":0,"font":"","enabled":false},"version":2}},"categories":[21],"tags":[196],"class_list":["post-4922","post","type-post","status-publish","format-standard","has-post-thumbnail","hentry","category-informeci","tag-revistasci"],"jetpack_publicize_connections":[],"jetpack_featured_media_url":"https:\/\/i0.wp.com\/www.pedroandretta.info\/index\/wp-content\/uploads\/2020\/04\/Lan%C3%A7ada-nova-edi%C3%A7%C3%A3o-da-Pesquisa-Brasileira-em-Ci%C3%AAncia-da-Informa%C3%A7%C3%A3o.jpg?fit=611%2C503&ssl=1","views":"","jetpack_sharing_enabled":true,"_links":{"self":[{"href":"https:\/\/www.pedroandretta.info\/index\/wp-json\/wp\/v2\/posts\/4922","targetHints":{"allow":["GET"]}}],"collection":[{"href":"https:\/\/www.pedroandretta.info\/index\/wp-json\/wp\/v2\/posts"}],"about":[{"href":"https:\/\/www.pedroandretta.info\/index\/wp-json\/wp\/v2\/types\/post"}],"author":[{"embeddable":true,"href":"https:\/\/www.pedroandretta.info\/index\/wp-json\/wp\/v2\/users\/1"}],"replies":[{"embeddable":true,"href":"https:\/\/www.pedroandretta.info\/index\/wp-json\/wp\/v2\/comments?post=4922"}],"version-history":[{"count":0,"href":"https:\/\/www.pedroandretta.info\/index\/wp-json\/wp\/v2\/posts\/4922\/revisions"}],"wp:featuredmedia":[{"embeddable":true,"href":"https:\/\/www.pedroandretta.info\/index\/wp-json\/wp\/v2\/media\/4923"}],"wp:attachment":[{"href":"https:\/\/www.pedroandretta.info\/index\/wp-json\/wp\/v2\/media?parent=4922"}],"wp:term":[{"taxonomy":"category","embeddable":true,"href":"https:\/\/www.pedroandretta.info\/index\/wp-json\/wp\/v2\/categories?post=4922"},{"taxonomy":"post_tag","embeddable":true,"href":"https:\/\/www.pedroandretta.info\/index\/wp-json\/wp\/v2\/tags?post=4922"}],"curies":[{"name":"wp","href":"https:\/\/api.w.org\/{rel}","templated":true}]}}