{"id":4924,"date":"2020-04-03T11:20:19","date_gmt":"2020-04-03T15:20:19","guid":{"rendered":"https:\/\/www.pedroandretta.info\/index\/?p=4924"},"modified":"2020-04-03T11:20:19","modified_gmt":"2020-04-03T15:20:19","slug":"covid-19-relatorio-do-google-sobre-a-mobilidade-da-comunidade-e-possivel-ge","status":"publish","type":"post","link":"https:\/\/www.pedroandretta.info\/index\/2020\/04\/covid-19-relatorio-do-google-sobre-a-mobilidade-da-comunidade-e-possivel-ge\/","title":{"rendered":"COVID-19: Relat\u00f3rio do #Google sobre a mobilidade da comunidade | (\u00c9 poss\u00edvel ge&#8230;"},"content":{"rendered":"<p>[ad_1]<\/p>\n<blockquote class=\"twitter-tweet\">\n<p lang=\"pt\" dir=\"ltr\">COVID-19: Relat\u00f3rio do <a target=\"_blank\" href=\"https:\/\/twitter.com\/hashtag\/Google?src=hash&amp;ref_src=twsrc%5Etfw\" rel=\"noopener noreferrer\">#Google<\/a> sobre a mobilidade da comunidade | (\u00c9 poss\u00edvel gerar arquivos PDF com gr\u00e1ficos da mobilidade por pa\u00edses,  considerando domic\u00edlios, locais de trabalho, tr\u00e2nsito, parques, \u00e1reas de recrea\u00e7\u00e3o, farm\u00e1cias etc) <a target=\"_blank\" href=\"https:\/\/twitter.com\/hashtag\/fontesdeinforma%C3%A7%C3%A3o?src=hash&amp;ref_src=twsrc%5Etfw\" rel=\"noopener noreferrer\">#fontesdeinforma\u00e7\u00e3o<\/a>  <a target=\"_blank\" href=\"https:\/\/t.co\/6hR30Nugqk\" rel=\"noopener noreferrer\">https:\/\/t.co\/6hR30Nugqk<\/a><\/p>\n<p>&mdash; Pedro Andretta (@pedroisandretta) <a target=\"_blank\" href=\"https:\/\/twitter.com\/pedroisandretta\/status\/1246095191934676993?ref_src=twsrc%5Etfw\" rel=\"noopener noreferrer\">April 3, 2020<\/a><\/p><\/blockquote>\n<p><script async src=\"https:\/\/platform.twitter.com\/widgets.js\" charset=\"utf-8\"><\/script><\/p>\n<p>[ad_2]<br \/>\n<br \/><a href=\"https:\/\/twitter.com\/pedroisandretta\/statuses\/1246095191934676993\">Source<\/a> by <a href=\"https:\/\/t.co\/MfIsGWjH1p\">Pedro Andretta<\/a><\/p>\n","protected":false},"excerpt":{"rendered":"<p>[ad_1] COVID-19: Relat\u00f3rio do #Google sobre a mobilidade da comunidade | (\u00c9 poss\u00edvel gerar arquivos PDF com gr\u00e1ficos da mobilidade por pa\u00edses, considerando domic\u00edlios, locais de trabalho, tr\u00e2nsito, parques, \u00e1reas de recrea\u00e7\u00e3o, farm\u00e1cias etc) #fontesdeinforma\u00e7\u00e3o https:\/\/t.co\/6hR30Nugqk &mdash; Pedro Andretta (@pedroisandretta) April 3, 2020 [ad_2] Source by Pedro Andretta<\/p>\n","protected":false},"author":1,"featured_media":0,"comment_status":"open","ping_status":"open","sticky":false,"template":"","format":"standard","meta":{"_jetpack_memberships_contains_paid_content":false,"footnotes":"","jetpack_publicize_message":"","jetpack_publicize_feature_enabled":true,"jetpack_social_post_already_shared":true,"jetpack_social_options":{"image_generator_settings":{"template":"highway","default_image_id":0,"font":"","enabled":false},"version":2}},"categories":[21],"tags":[133,42],"class_list":["post-4924","post","type-post","status-publish","format-standard","hentry","category-informeci","tag-fontesdeinformacao","tag-google"],"jetpack_publicize_connections":[],"jetpack_featured_media_url":"","views":"","jetpack_sharing_enabled":true,"_links":{"self":[{"href":"https:\/\/www.pedroandretta.info\/index\/wp-json\/wp\/v2\/posts\/4924","targetHints":{"allow":["GET"]}}],"collection":[{"href":"https:\/\/www.pedroandretta.info\/index\/wp-json\/wp\/v2\/posts"}],"about":[{"href":"https:\/\/www.pedroandretta.info\/index\/wp-json\/wp\/v2\/types\/post"}],"author":[{"embeddable":true,"href":"https:\/\/www.pedroandretta.info\/index\/wp-json\/wp\/v2\/users\/1"}],"replies":[{"embeddable":true,"href":"https:\/\/www.pedroandretta.info\/index\/wp-json\/wp\/v2\/comments?post=4924"}],"version-history":[{"count":0,"href":"https:\/\/www.pedroandretta.info\/index\/wp-json\/wp\/v2\/posts\/4924\/revisions"}],"wp:attachment":[{"href":"https:\/\/www.pedroandretta.info\/index\/wp-json\/wp\/v2\/media?parent=4924"}],"wp:term":[{"taxonomy":"category","embeddable":true,"href":"https:\/\/www.pedroandretta.info\/index\/wp-json\/wp\/v2\/categories?post=4924"},{"taxonomy":"post_tag","embeddable":true,"href":"https:\/\/www.pedroandretta.info\/index\/wp-json\/wp\/v2\/tags?post=4924"}],"curies":[{"name":"wp","href":"https:\/\/api.w.org\/{rel}","templated":true}]}}