{"id":4934,"date":"2020-04-04T14:25:26","date_gmt":"2020-04-04T18:25:26","guid":{"rendered":"https:\/\/www.pedroandretta.info\/index\/?p=4934"},"modified":"2020-04-04T14:25:26","modified_gmt":"2020-04-04T18:25:26","slug":"elogio-a-bibliotecapublica-a-biblioteca-e-um-templo-secular-onde-se-pratica","status":"publish","type":"post","link":"https:\/\/www.pedroandretta.info\/index\/2020\/04\/elogio-a-bibliotecapublica-a-biblioteca-e-um-templo-secular-onde-se-pratica\/","title":{"rendered":"Elogio \u00e0 #bibliotecap\u00fablica |&#8221;\u2019A biblioteca \u00e9 um templo secular onde se pratica &#8230;"},"content":{"rendered":"<p>[ad_1]<\/p>\n<blockquote class=\"twitter-tweet\">\n<p lang=\"pt\" dir=\"ltr\">Elogio \u00e0 <a target=\"_blank\" href=\"https:\/\/twitter.com\/hashtag\/bibliotecap%C3%BAblica?src=hash&amp;ref_src=twsrc%5Etfw\" rel=\"noopener noreferrer\">#bibliotecap\u00fablica<\/a> |&quot;\u2019A biblioteca \u00e9 um templo secular onde se pratica a religi\u00e3o do aprendizado e da democracia, porque \u00e9 aberta a todos\u2019, confirma Wiseman ao telefone.\u201d [Diretor do document\u00e1rio Ex Libris: The New York Public Library] via EL PA\u00cdS <a target=\"_blank\" href=\"https:\/\/t.co\/7puVhLlDsB\" rel=\"noopener noreferrer\">https:\/\/t.co\/7puVhLlDsB<\/a><\/p>\n<p>&mdash; Pedro Andretta (@pedroisandretta) <a target=\"_blank\" href=\"https:\/\/twitter.com\/pedroisandretta\/status\/1246504166069059586?ref_src=twsrc%5Etfw\" rel=\"noopener noreferrer\">April 4, 2020<\/a><\/p><\/blockquote>\n<p><script async src=\"https:\/\/platform.twitter.com\/widgets.js\" charset=\"utf-8\"><\/script><\/p>\n<p>[ad_2]<br \/>\n<br \/><a href=\"https:\/\/twitter.com\/pedroisandretta\/statuses\/1246504166069059586\">Source<\/a> by <a href=\"https:\/\/t.co\/MfIsGWjH1p\">Pedro Andretta<\/a><\/p>\n","protected":false},"excerpt":{"rendered":"<p>[ad_1] Elogio \u00e0 #bibliotecap\u00fablica |&quot;\u2019A biblioteca \u00e9 um templo secular onde se pratica a religi\u00e3o do aprendizado e da democracia, porque \u00e9 aberta a todos\u2019, confirma Wiseman ao telefone.\u201d [Diretor do document\u00e1rio Ex Libris: The New York Public Library] via EL PA\u00cdS https:\/\/t.co\/7puVhLlDsB &mdash; Pedro Andretta (@pedroisandretta) April 4, 2020 [ad_2] Source by Pedro Andretta<\/p>\n","protected":false},"author":1,"featured_media":0,"comment_status":"open","ping_status":"open","sticky":false,"template":"","format":"standard","meta":{"_jetpack_memberships_contains_paid_content":false,"footnotes":"","jetpack_publicize_message":"","jetpack_publicize_feature_enabled":true,"jetpack_social_post_already_shared":true,"jetpack_social_options":{"image_generator_settings":{"template":"highway","default_image_id":0,"font":"","enabled":false},"version":2}},"categories":[21],"tags":[39],"class_list":["post-4934","post","type-post","status-publish","format-standard","hentry","category-informeci","tag-bibliotecaspublicas"],"jetpack_publicize_connections":[],"jetpack_featured_media_url":"","views":"","jetpack_sharing_enabled":true,"_links":{"self":[{"href":"https:\/\/www.pedroandretta.info\/index\/wp-json\/wp\/v2\/posts\/4934","targetHints":{"allow":["GET"]}}],"collection":[{"href":"https:\/\/www.pedroandretta.info\/index\/wp-json\/wp\/v2\/posts"}],"about":[{"href":"https:\/\/www.pedroandretta.info\/index\/wp-json\/wp\/v2\/types\/post"}],"author":[{"embeddable":true,"href":"https:\/\/www.pedroandretta.info\/index\/wp-json\/wp\/v2\/users\/1"}],"replies":[{"embeddable":true,"href":"https:\/\/www.pedroandretta.info\/index\/wp-json\/wp\/v2\/comments?post=4934"}],"version-history":[{"count":0,"href":"https:\/\/www.pedroandretta.info\/index\/wp-json\/wp\/v2\/posts\/4934\/revisions"}],"wp:attachment":[{"href":"https:\/\/www.pedroandretta.info\/index\/wp-json\/wp\/v2\/media?parent=4934"}],"wp:term":[{"taxonomy":"category","embeddable":true,"href":"https:\/\/www.pedroandretta.info\/index\/wp-json\/wp\/v2\/categories?post=4934"},{"taxonomy":"post_tag","embeddable":true,"href":"https:\/\/www.pedroandretta.info\/index\/wp-json\/wp\/v2\/tags?post=4934"}],"curies":[{"name":"wp","href":"https:\/\/api.w.org\/{rel}","templated":true}]}}