{"id":4938,"date":"2020-04-04T14:45:17","date_gmt":"2020-04-04T18:45:17","guid":{"rendered":"https:\/\/www.pedroandretta.info\/index\/?p=4938"},"modified":"2020-04-04T14:45:17","modified_gmt":"2020-04-04T18:45:17","slug":"portal-da-transparencia-registro-civil-portal-disponibiliza-dados-quantitativos","status":"publish","type":"post","link":"https:\/\/www.pedroandretta.info\/index\/2020\/04\/portal-da-transparencia-registro-civil-portal-disponibiliza-dados-quantitativos\/","title":{"rendered":"Portal da Transpar\u00eancia Registro Civil |Portal disponibiliza dados quantitativos&#8230;"},"content":{"rendered":"<p>[ad_1]<\/p>\n<blockquote class=\"twitter-tweet\">\n<p lang=\"pt\" dir=\"ltr\">Portal da Transpar\u00eancia Registro Civil |Portal disponibiliza dados quantitativos sobre nascimentos, casamentos e \u00f3bitos, entre outros conte\u00fados relacionados.(Vejam na aba \u201cEspecial <a target=\"_blank\" href=\"https:\/\/twitter.com\/hashtag\/Covid19?src=hash&amp;ref_src=twsrc%5Etfw\" rel=\"noopener noreferrer\">#Covid19<\/a> , mortes por \u201cpneumonia\u201d cresceram esse ano!) <a target=\"_blank\" href=\"https:\/\/twitter.com\/hashtag\/fontesdeinforma%C3%A7%C3%A3o?src=hash&amp;ref_src=twsrc%5Etfw\" rel=\"noopener noreferrer\">#fontesdeinforma\u00e7\u00e3o<\/a>  <a target=\"_blank\" href=\"https:\/\/t.co\/Cd7XhUdZBm\" rel=\"noopener noreferrer\">https:\/\/t.co\/Cd7XhUdZBm<\/a><\/p>\n<p>&mdash; Pedro Andretta (@pedroisandretta) <a target=\"_blank\" href=\"https:\/\/twitter.com\/pedroisandretta\/status\/1246509162214895617?ref_src=twsrc%5Etfw\" rel=\"noopener noreferrer\">April 4, 2020<\/a><\/p><\/blockquote>\n<p><script async src=\"https:\/\/platform.twitter.com\/widgets.js\" charset=\"utf-8\"><\/script><\/p>\n<p>[ad_2]<br \/>\n<br \/><a href=\"https:\/\/twitter.com\/pedroisandretta\/statuses\/1246509162214895617\">Source<\/a> by <a href=\"https:\/\/t.co\/MfIsGWjH1p\">Pedro Andretta<\/a><\/p>\n","protected":false},"excerpt":{"rendered":"<p>[ad_1] Portal da Transpar\u00eancia Registro Civil |Portal disponibiliza dados quantitativos sobre nascimentos, casamentos e \u00f3bitos, entre outros conte\u00fados relacionados.(Vejam na aba \u201cEspecial #Covid19 , mortes por \u201cpneumonia\u201d cresceram esse ano!) #fontesdeinforma\u00e7\u00e3o https:\/\/t.co\/Cd7XhUdZBm &mdash; Pedro Andretta (@pedroisandretta) April 4, 2020 [ad_2] Source by Pedro Andretta<\/p>\n","protected":false},"author":1,"featured_media":0,"comment_status":"open","ping_status":"open","sticky":false,"template":"","format":"standard","meta":{"_jetpack_memberships_contains_paid_content":false,"footnotes":"","jetpack_publicize_message":"","jetpack_publicize_feature_enabled":true,"jetpack_social_post_already_shared":true,"jetpack_social_options":{"image_generator_settings":{"template":"highway","default_image_id":0,"font":"","enabled":false},"version":2}},"categories":[21],"tags":[618,133],"class_list":["post-4938","post","type-post","status-publish","format-standard","hentry","category-informeci","tag-covid19","tag-fontesdeinformacao"],"jetpack_publicize_connections":[],"jetpack_featured_media_url":"","views":"","jetpack_sharing_enabled":true,"_links":{"self":[{"href":"https:\/\/www.pedroandretta.info\/index\/wp-json\/wp\/v2\/posts\/4938","targetHints":{"allow":["GET"]}}],"collection":[{"href":"https:\/\/www.pedroandretta.info\/index\/wp-json\/wp\/v2\/posts"}],"about":[{"href":"https:\/\/www.pedroandretta.info\/index\/wp-json\/wp\/v2\/types\/post"}],"author":[{"embeddable":true,"href":"https:\/\/www.pedroandretta.info\/index\/wp-json\/wp\/v2\/users\/1"}],"replies":[{"embeddable":true,"href":"https:\/\/www.pedroandretta.info\/index\/wp-json\/wp\/v2\/comments?post=4938"}],"version-history":[{"count":0,"href":"https:\/\/www.pedroandretta.info\/index\/wp-json\/wp\/v2\/posts\/4938\/revisions"}],"wp:attachment":[{"href":"https:\/\/www.pedroandretta.info\/index\/wp-json\/wp\/v2\/media?parent=4938"}],"wp:term":[{"taxonomy":"category","embeddable":true,"href":"https:\/\/www.pedroandretta.info\/index\/wp-json\/wp\/v2\/categories?post=4938"},{"taxonomy":"post_tag","embeddable":true,"href":"https:\/\/www.pedroandretta.info\/index\/wp-json\/wp\/v2\/tags?post=4938"}],"curies":[{"name":"wp","href":"https:\/\/api.w.org\/{rel}","templated":true}]}}