{"id":4939,"date":"2020-04-04T19:09:08","date_gmt":"2020-04-04T23:09:08","guid":{"rendered":"https:\/\/www.pedroandretta.info\/index\/?p=4939"},"modified":"2020-04-04T19:09:08","modified_gmt":"2020-04-04T23:09:08","slug":"otimizar-mecanismos-de-busca-e-uma-profissao-bem-requisitada-em-sua-coluna-r","status":"publish","type":"post","link":"https:\/\/www.pedroandretta.info\/index\/2020\/04\/otimizar-mecanismos-de-busca-e-uma-profissao-bem-requisitada-em-sua-coluna-r\/","title":{"rendered":"Otimizar mecanismos de busca \u00e9 uma profiss\u00e3o bem requisitada | \u201cEm sua coluna, R&#8230;"},"content":{"rendered":"<p>[ad_1]<br \/>\n<img data-recalc-dims=\"1\" decoding=\"async\" src=\"https:\/\/i0.wp.com\/www.pedroandretta.info\/index\/wp-content\/uploads\/2020\/04\/Otimizar-mecanismos-de-busca-e-uma-profissao-bem-requisitada.jpg?w=696&#038;ssl=1\"\/><\/p>\n<blockquote class=\"twitter-tweet\">\n<p lang=\"pt\" dir=\"ltr\">Otimizar mecanismos de busca \u00e9 uma profiss\u00e3o bem requisitada | \u201cEm sua coluna, Radfahrer fala sobre a <a target=\"_blank\" href=\"https:\/\/twitter.com\/hashtag\/arquiteturadeinforma%C3%A7%C3%A3o?src=hash&amp;ref_src=twsrc%5Etfw\" rel=\"noopener noreferrer\">#arquiteturadeinforma\u00e7\u00e3o<\/a> , que \u00e9 a organiza\u00e7\u00e3o dos dados em grandes sistemas\u201d (A <a target=\"_blank\" href=\"https:\/\/twitter.com\/hashtag\/biblioteconomia?src=hash&amp;ref_src=twsrc%5Etfw\" rel=\"noopener noreferrer\">#biblioteconomia<\/a> \u00e9 recordada nesse podcast, s\u00f3 3 min.!) via Jornal da USP <a target=\"_blank\" href=\"https:\/\/t.co\/8IB0vYUjLc\" rel=\"noopener noreferrer\">https:\/\/t.co\/8IB0vYUjLc<\/a><\/p>\n<p>&mdash; Pedro Andretta (@pedroisandretta) <a target=\"_blank\" href=\"https:\/\/twitter.com\/pedroisandretta\/status\/1246575560303816705?ref_src=twsrc%5Etfw\" rel=\"noopener noreferrer\">April 4, 2020<\/a><\/p><\/blockquote>\n<p><script async src=\"https:\/\/platform.twitter.com\/widgets.js\" charset=\"utf-8\"><\/script><\/p>\n<p>[ad_2]<br \/>\n<br \/><a href=\"https:\/\/twitter.com\/pedroisandretta\/statuses\/1246575560303816705\">Source<\/a> by <a href=\"https:\/\/t.co\/MfIsGWjH1p\">Pedro Andretta<\/a><\/p>\n","protected":false},"excerpt":{"rendered":"<p>[ad_1] Otimizar mecanismos de busca \u00e9 uma profiss\u00e3o bem requisitada | \u201cEm sua coluna, Radfahrer fala sobre a #arquiteturadeinforma\u00e7\u00e3o , que \u00e9 a organiza\u00e7\u00e3o dos dados em grandes sistemas\u201d (A #biblioteconomia \u00e9 recordada nesse podcast, s\u00f3 3 min.!) via Jornal da USP https:\/\/t.co\/8IB0vYUjLc &mdash; Pedro Andretta (@pedroisandretta) April 4, 2020 [ad_2] Source by Pedro Andretta<\/p>\n","protected":false},"author":1,"featured_media":4940,"comment_status":"open","ping_status":"open","sticky":false,"template":"","format":"standard","meta":{"_jetpack_memberships_contains_paid_content":false,"footnotes":"","jetpack_publicize_message":"","jetpack_publicize_feature_enabled":true,"jetpack_social_post_already_shared":true,"jetpack_social_options":{"image_generator_settings":{"template":"highway","default_image_id":0,"font":"","enabled":false},"version":2}},"categories":[21],"tags":[400,33],"class_list":["post-4939","post","type-post","status-publish","format-standard","has-post-thumbnail","hentry","category-informeci","tag-arquiteturadainformacao","tag-biblioteconomia"],"jetpack_publicize_connections":[],"jetpack_featured_media_url":"https:\/\/i0.wp.com\/www.pedroandretta.info\/index\/wp-content\/uploads\/2020\/04\/Otimizar-mecanismos-de-busca-e-uma-profissao-bem-requisitada.jpg?fit=1400%2C1400&ssl=1","views":"","jetpack_sharing_enabled":true,"_links":{"self":[{"href":"https:\/\/www.pedroandretta.info\/index\/wp-json\/wp\/v2\/posts\/4939","targetHints":{"allow":["GET"]}}],"collection":[{"href":"https:\/\/www.pedroandretta.info\/index\/wp-json\/wp\/v2\/posts"}],"about":[{"href":"https:\/\/www.pedroandretta.info\/index\/wp-json\/wp\/v2\/types\/post"}],"author":[{"embeddable":true,"href":"https:\/\/www.pedroandretta.info\/index\/wp-json\/wp\/v2\/users\/1"}],"replies":[{"embeddable":true,"href":"https:\/\/www.pedroandretta.info\/index\/wp-json\/wp\/v2\/comments?post=4939"}],"version-history":[{"count":0,"href":"https:\/\/www.pedroandretta.info\/index\/wp-json\/wp\/v2\/posts\/4939\/revisions"}],"wp:featuredmedia":[{"embeddable":true,"href":"https:\/\/www.pedroandretta.info\/index\/wp-json\/wp\/v2\/media\/4940"}],"wp:attachment":[{"href":"https:\/\/www.pedroandretta.info\/index\/wp-json\/wp\/v2\/media?parent=4939"}],"wp:term":[{"taxonomy":"category","embeddable":true,"href":"https:\/\/www.pedroandretta.info\/index\/wp-json\/wp\/v2\/categories?post=4939"},{"taxonomy":"post_tag","embeddable":true,"href":"https:\/\/www.pedroandretta.info\/index\/wp-json\/wp\/v2\/tags?post=4939"}],"curies":[{"name":"wp","href":"https:\/\/api.w.org\/{rel}","templated":true}]}}