{"id":4965,"date":"2020-04-06T18:12:40","date_gmt":"2020-04-06T22:12:40","guid":{"rendered":"https:\/\/www.pedroandretta.info\/index\/?p=4965"},"modified":"2020-04-06T18:12:40","modified_gmt":"2020-04-06T22:12:40","slug":"bibliotecasuniversitarias-em-um-momento-crucial-os-efeitos-economicos-da-pand","status":"publish","type":"post","link":"https:\/\/www.pedroandretta.info\/index\/2020\/04\/bibliotecasuniversitarias-em-um-momento-crucial-os-efeitos-economicos-da-pand\/","title":{"rendered":"#Bibliotecasuniversit\u00e1rias em um momento crucial | Os efeitos econ\u00f4micos da pand&#8230;"},"content":{"rendered":"<p>[ad_1]<br \/>\n<img data-recalc-dims=\"1\" decoding=\"async\" src=\"https:\/\/i0.wp.com\/www.pedroandretta.info\/index\/wp-content\/uploads\/2020\/04\/Bibliotecasuniversitarias-em-um-momento-crucial-Os-efeitos-economicos-da.png?w=696&#038;ssl=1\"\/><\/p>\n<blockquote class=\"twitter-tweet\">\n<p lang=\"pt\" dir=\"ltr\"><a target=\"_blank\" href=\"https:\/\/twitter.com\/hashtag\/Bibliotecasuniversit%C3%A1rias?src=hash&amp;ref_src=twsrc%5Etfw\" rel=\"noopener noreferrer\">#Bibliotecasuniversit\u00e1rias<\/a> em um momento crucial | Os efeitos econ\u00f4micos da pandemia v\u00e3o atingir as IES, e exigir que pensemos quest\u00f5es de Lideran\u00e7a e Gest\u00e3o, pap\u00e9is e servi\u00e7os, cole\u00e7\u00f5es e licenciamento em nossas bibliotecas! \ud83c\uddfa\ud83c\uddf8 via The Scholarly Kitchen <a target=\"_blank\" href=\"https:\/\/t.co\/pAum2LbEEw\" rel=\"noopener noreferrer\">https:\/\/t.co\/pAum2LbEEw<\/a><\/p>\n<p>&mdash; Pedro Andretta (@pedroisandretta) <a target=\"_blank\" href=\"https:\/\/twitter.com\/pedroisandretta\/status\/1247286127104593920?ref_src=twsrc%5Etfw\" rel=\"noopener noreferrer\">April 6, 2020<\/a><\/p><\/blockquote>\n<p><script async src=\"https:\/\/platform.twitter.com\/widgets.js\" charset=\"utf-8\"><\/script><\/p>\n<p>[ad_2]<br \/>\n<br \/><a href=\"https:\/\/twitter.com\/pedroisandretta\/statuses\/1247286127104593920\">Source<\/a> by <a href=\"https:\/\/t.co\/MfIsGWjH1p\">Pedro Andretta<\/a><\/p>\n","protected":false},"excerpt":{"rendered":"<p>[ad_1] #Bibliotecasuniversit\u00e1rias em um momento crucial | Os efeitos econ\u00f4micos da pandemia v\u00e3o atingir as IES, e exigir que pensemos quest\u00f5es de Lideran\u00e7a e Gest\u00e3o, pap\u00e9is e servi\u00e7os, cole\u00e7\u00f5es e licenciamento em nossas bibliotecas! \ud83c\uddfa\ud83c\uddf8 via The Scholarly Kitchen https:\/\/t.co\/pAum2LbEEw &mdash; Pedro Andretta (@pedroisandretta) April 6, 2020 [ad_2] Source by Pedro Andretta<\/p>\n","protected":false},"author":1,"featured_media":4966,"comment_status":"open","ping_status":"open","sticky":false,"template":"","format":"standard","meta":{"_jetpack_memberships_contains_paid_content":false,"footnotes":"","jetpack_publicize_message":"","jetpack_publicize_feature_enabled":true,"jetpack_social_post_already_shared":true,"jetpack_social_options":{"image_generator_settings":{"template":"highway","default_image_id":0,"font":"","enabled":false},"version":2}},"categories":[21],"tags":[114],"class_list":["post-4965","post","type-post","status-publish","format-standard","has-post-thumbnail","hentry","category-informeci","tag-bibliotecasuniversitarias"],"jetpack_publicize_connections":[],"jetpack_featured_media_url":"https:\/\/i0.wp.com\/www.pedroandretta.info\/index\/wp-content\/uploads\/2020\/04\/Bibliotecasuniversitarias-em-um-momento-crucial-Os-efeitos-economicos-da.png?fit=900%2C732&ssl=1","views":"","jetpack_sharing_enabled":true,"_links":{"self":[{"href":"https:\/\/www.pedroandretta.info\/index\/wp-json\/wp\/v2\/posts\/4965","targetHints":{"allow":["GET"]}}],"collection":[{"href":"https:\/\/www.pedroandretta.info\/index\/wp-json\/wp\/v2\/posts"}],"about":[{"href":"https:\/\/www.pedroandretta.info\/index\/wp-json\/wp\/v2\/types\/post"}],"author":[{"embeddable":true,"href":"https:\/\/www.pedroandretta.info\/index\/wp-json\/wp\/v2\/users\/1"}],"replies":[{"embeddable":true,"href":"https:\/\/www.pedroandretta.info\/index\/wp-json\/wp\/v2\/comments?post=4965"}],"version-history":[{"count":0,"href":"https:\/\/www.pedroandretta.info\/index\/wp-json\/wp\/v2\/posts\/4965\/revisions"}],"wp:featuredmedia":[{"embeddable":true,"href":"https:\/\/www.pedroandretta.info\/index\/wp-json\/wp\/v2\/media\/4966"}],"wp:attachment":[{"href":"https:\/\/www.pedroandretta.info\/index\/wp-json\/wp\/v2\/media?parent=4965"}],"wp:term":[{"taxonomy":"category","embeddable":true,"href":"https:\/\/www.pedroandretta.info\/index\/wp-json\/wp\/v2\/categories?post=4965"},{"taxonomy":"post_tag","embeddable":true,"href":"https:\/\/www.pedroandretta.info\/index\/wp-json\/wp\/v2\/tags?post=4965"}],"curies":[{"name":"wp","href":"https:\/\/api.w.org\/{rel}","templated":true}]}}