{"id":5070,"date":"2020-04-13T14:27:49","date_gmt":"2020-04-13T18:27:49","guid":{"rendered":"https:\/\/www.pedroandretta.info\/index\/?p=5070"},"modified":"2020-04-13T14:27:49","modified_gmt":"2020-04-13T18:27:49","slug":"scielo-livros-e-o-acessoaberto-em-tempos-epidemicos-mais-importante-que-nunca","status":"publish","type":"post","link":"https:\/\/www.pedroandretta.info\/index\/2020\/04\/scielo-livros-e-o-acessoaberto-em-tempos-epidemicos-mais-importante-que-nunca\/","title":{"rendered":"SciELO Livros e o #acessoaberto em tempos epid\u00eamicos: Mais importante que nunca &#8230;"},"content":{"rendered":"<p>[ad_1]<\/p>\n<blockquote class=\"twitter-tweet\">\n<p lang=\"pt\" dir=\"ltr\">SciELO Livros e o <a target=\"_blank\" href=\"https:\/\/twitter.com\/hashtag\/acessoaberto?src=hash&amp;ref_src=twsrc%5Etfw\" rel=\"noopener noreferrer\">#acessoaberto<\/a> em tempos epid\u00eamicos: Mais importante que nunca | \u201cO <a target=\"_blank\" href=\"https:\/\/twitter.com\/hashtag\/SciELO?src=hash&amp;ref_src=twsrc%5Etfw\" rel=\"noopener noreferrer\">#SciELO<\/a> Livros, portanto, n\u00e3o \u00e9 uma oferta passageira para degusta\u00e7\u00e3o dos leitores em tempos febris. N\u00e3o \u00e9 uma a\u00e7\u00e3o eventual em emerg\u00eancias sanit\u00e1rias.\u201d via SciELO <a target=\"_blank\" href=\"https:\/\/t.co\/6mAYGryY7Q\" rel=\"noopener noreferrer\">https:\/\/t.co\/6mAYGryY7Q<\/a><\/p>\n<p>&mdash; Pedro Andretta (@pedroisandretta) <a target=\"_blank\" href=\"https:\/\/twitter.com\/pedroisandretta\/status\/1249766254442885121?ref_src=twsrc%5Etfw\" rel=\"noopener noreferrer\">April 13, 2020<\/a><\/p><\/blockquote>\n<p><script async src=\"https:\/\/platform.twitter.com\/widgets.js\" charset=\"utf-8\"><\/script><\/p>\n<p>[ad_2]<br \/>\n<br \/><a href=\"https:\/\/twitter.com\/pedroisandretta\/statuses\/1249766254442885121\">Source<\/a> by <a href=\"https:\/\/t.co\/MfIsGWjH1p\">Pedro Andretta<\/a><\/p>\n","protected":false},"excerpt":{"rendered":"<p>[ad_1] SciELO Livros e o #acessoaberto em tempos epid\u00eamicos: Mais importante que nunca | \u201cO #SciELO Livros, portanto, n\u00e3o \u00e9 uma oferta passageira para degusta\u00e7\u00e3o dos leitores em tempos febris. N\u00e3o \u00e9 uma a\u00e7\u00e3o eventual em emerg\u00eancias sanit\u00e1rias.\u201d via SciELO https:\/\/t.co\/6mAYGryY7Q &mdash; Pedro Andretta (@pedroisandretta) April 13, 2020 [ad_2] Source by Pedro Andretta<\/p>\n","protected":false},"author":1,"featured_media":0,"comment_status":"open","ping_status":"open","sticky":false,"template":"","format":"standard","meta":{"_jetpack_memberships_contains_paid_content":false,"footnotes":"","jetpack_publicize_message":"","jetpack_publicize_feature_enabled":true,"jetpack_social_post_already_shared":true,"jetpack_social_options":{"image_generator_settings":{"template":"highway","default_image_id":0,"font":"","enabled":false},"version":2}},"categories":[21],"tags":[320,295],"class_list":["post-5070","post","type-post","status-publish","format-standard","hentry","category-informeci","tag-acessoaberto","tag-scielo"],"jetpack_publicize_connections":[],"jetpack_featured_media_url":"","views":"","jetpack_sharing_enabled":true,"_links":{"self":[{"href":"https:\/\/www.pedroandretta.info\/index\/wp-json\/wp\/v2\/posts\/5070","targetHints":{"allow":["GET"]}}],"collection":[{"href":"https:\/\/www.pedroandretta.info\/index\/wp-json\/wp\/v2\/posts"}],"about":[{"href":"https:\/\/www.pedroandretta.info\/index\/wp-json\/wp\/v2\/types\/post"}],"author":[{"embeddable":true,"href":"https:\/\/www.pedroandretta.info\/index\/wp-json\/wp\/v2\/users\/1"}],"replies":[{"embeddable":true,"href":"https:\/\/www.pedroandretta.info\/index\/wp-json\/wp\/v2\/comments?post=5070"}],"version-history":[{"count":0,"href":"https:\/\/www.pedroandretta.info\/index\/wp-json\/wp\/v2\/posts\/5070\/revisions"}],"wp:attachment":[{"href":"https:\/\/www.pedroandretta.info\/index\/wp-json\/wp\/v2\/media?parent=5070"}],"wp:term":[{"taxonomy":"category","embeddable":true,"href":"https:\/\/www.pedroandretta.info\/index\/wp-json\/wp\/v2\/categories?post=5070"},{"taxonomy":"post_tag","embeddable":true,"href":"https:\/\/www.pedroandretta.info\/index\/wp-json\/wp\/v2\/tags?post=5070"}],"curies":[{"name":"wp","href":"https:\/\/api.w.org\/{rel}","templated":true}]}}